{"id":31637,"date":"2021-03-11T16:22:13","date_gmt":"2021-03-11T15:22:13","guid":{"rendered":"https:\/\/eufortrisomy21.eu\/?p=31637"},"modified":"2021-03-11T16:25:52","modified_gmt":"2021-03-11T15:25:52","slug":"press-release-focus-on-the-online-conference","status":"publish","type":"post","link":"https:\/\/eufortrisomy21.eu\/sk\/press-release-focus-on-the-online-conference\/","title":{"rendered":"Tla\u010dov\u00e1 spr\u00e1va: Zamerajte sa na (online) KONFERENCIU"},"content":{"rendered":"<p style=\"text-align: right;\"><img loading=\"lazy\" decoding=\"async\" class=\"size-medium wp-image-14470 alignleft\" src=\"https:\/\/eufortrisomy21.eu\/wp-content\/uploads\/2020\/02\/Banniere7-300x120.jpg\" alt=\"\" width=\"300\" height=\"120\" srcset=\"https:\/\/eufortrisomy21.eu\/wp-content\/uploads\/2020\/02\/Banniere7-300x120.jpg 300w, https:\/\/eufortrisomy21.eu\/wp-content\/uploads\/2020\/02\/Banniere7-1024x410.jpg 1024w, https:\/\/eufortrisomy21.eu\/wp-content\/uploads\/2020\/02\/Banniere7-768x307.jpg 768w, https:\/\/eufortrisomy21.eu\/wp-content\/uploads\/2020\/02\/Banniere7-1536x614.jpg 1536w, https:\/\/eufortrisomy21.eu\/wp-content\/uploads\/2020\/02\/Banniere7.jpg 2000w\" sizes=\"(max-width: 300px) 100vw, 300px\" \/>tla\u010dov\u00e1 spr\u00e1va<\/p>\n<p style=\"text-align: right;\">Brusel<\/p>\n<p style=\"text-align: right;\">10. marca 2021<\/p>\n<p>&nbsp;<\/p>\n<h2 style=\"text-align: center;\"><span style=\"color: #99ccff;\">3 projekty na oslavu Svetov\u00e9ho d\u0148a Downovho syndr\u00f3mu \u00a0<\/span><\/h2>\n<h2 style=\"text-align: center;\"><span style=\"color: #ffcc00;\"><span class=\"fontstyle0\">Zamerajte sa na (online) <\/span><span class=\"fontstyle2\">KONFERENCIA<\/span><\/span><\/h2>\n<h2 style=\"text-align: center;\"><span style=\"color: #000000;\">\u00a0<span class=\"fontstyle0\">Triz\u00f3mia 21: \u010co m\u00f4\u017ee Eur\u00f3pa urobi\u0165?<\/span><\/span><\/h2>\n<p style=\"text-align: center;\">\u00a0<span class=\"fontstyle0\">Na oslavu Medzin\u00e1rodn\u00e9ho d\u0148a triz\u00f3mie 21, <em>EUfortrisomy21<\/em> organizuje konferenciu<br \/>\n<\/span><span class=\"fontstyle2\"><span style=\"color: #99ccff;\"><strong>\u0160tvrtok 18. marca 2021 od 14:00 do 15:30<\/strong><\/span><br \/>\n<\/span><span class=\"fontstyle0\">(Bruselsk\u00e9 \u010dasov\u00e9 p\u00e1smo)<\/span><\/p>\n<p><span style=\"color: #ffcc00;\"><span style=\"color: #333333;\"><span class=\"fontstyle0\">Odborn\u00ed rodi\u010dia, osoba s Downov\u00fdm syndr\u00f3mom a poslanci EP (pani Estrella Dura (S&amp;D), pani Katrin Langensiepen (zelen\u00ed), pani Radka Maxov\u00e1 (obnovi\u0165), p\u00e1n Fran\u00e7ois-Xavier Bellamy (PPE), p\u00e1n Patrick Jaki (ECR) bude hovori\u0165 o hlavn\u00fdch probl\u00e9moch pre \u013eud\u00ed s Downov\u00fdm syndr\u00f3mom: vidite\u013enos\u0165, auton\u00f3mia, inkl\u00fazia, nediskrimin\u00e1cia a d\u00f4stojnos\u0165.<\/span><\/span><\/span><\/p>\n<p><span style=\"color: #ffcc00;\"><span style=\"color: #333333;\"><span class=\"fontstyle0\"><img loading=\"lazy\" decoding=\"async\" class=\"size-medium wp-image-31642 alignleft\" src=\"https:\/\/eufortrisomy21.eu\/wp-content\/uploads\/2021\/03\/Trisomy-21-What-can-Europe-do-253x300.jpg\" alt=\"\" width=\"253\" height=\"300\" srcset=\"https:\/\/eufortrisomy21.eu\/wp-content\/uploads\/2021\/03\/Trisomy-21-What-can-Europe-do-253x300.jpg 253w, https:\/\/eufortrisomy21.eu\/wp-content\/uploads\/2021\/03\/Trisomy-21-What-can-Europe-do-10x12.jpg 10w, https:\/\/eufortrisomy21.eu\/wp-content\/uploads\/2021\/03\/Trisomy-21-What-can-Europe-do.jpg 708w\" sizes=\"(max-width: 253px) 100vw, 253px\" \/>Tieto z\u00e1sahy a diskusie bud\u00fa u\u017eito\u010dn\u00e9 pre diskusiu o <\/span><span class=\"fontstyle2\">\u00dania rovnosti: <strong>Strat\u00e9gia pr\u00e1v os\u00f4b so zdravotn\u00fdm postihnut\u00edm na roky 2021-2030 <\/strong><\/span><span class=\"fontstyle0\">(vyhl\u00e1sil Eur\u00f3psky parlament 3<\/span><span class=\"fontstyle0\">rd <\/span><span class=\"fontstyle0\">marca).<\/span><\/span><strong><span class=\"fontstyle0\"><br \/>\n<\/span><\/strong><\/span><\/p>\n<p><span style=\"color: #333333;\"><span class=\"fontstyle0\">Preklad je pl\u00e1novan\u00fd v:<br \/>\n<\/span><\/span><\/p>\n<ul>\n<li><span style=\"color: #333333;\"><span class=\"fontstyle0\">Angli\u010dtina<\/span><\/span><\/li>\n<li><span style=\"color: #333333;\"><span class=\"fontstyle0\">nem\u010dina (norm\u00e1lny a \u013eahk\u00fd jazyk)<\/span><\/span><\/li>\n<li><span style=\"color: #333333;\"><span class=\"fontstyle0\">\u0161paniel\u010dina<\/span><\/span><\/li>\n<li><span style=\"color: #333333;\"><span class=\"fontstyle0\">franc\u00fazsky<\/span><\/span><\/li>\n<\/ul>\n<p style=\"text-align: center;\"><span style=\"color: #ffcc00;\"><span class=\"fontstyle0\" style=\"color: #333333;\">Ak si to \u017eel\u00e1te <\/span><strong><span class=\"fontstyle3\">z\u00fa\u010dastni\u0165 sa konferencie<\/span><\/strong><span class=\"fontstyle0\" style=\"color: #333333;\">, zaregistrujte sa pros\u00edm na<\/span><strong><span class=\"fontstyle0\"><br \/>\n<\/span><a href=\"mailto:contact@eufortrisomy21.eu\"><span class=\"fontstyle0\">contact@eufortrisomy21.eu<\/span><\/a><\/strong><\/span><\/p>\n<p>&nbsp;<\/p>\n<p style=\"text-align: center;\"><span class=\"fontstyle0\">EUfortrisomy21 <\/span><span class=\"fontstyle2\">je komunita rodi\u010dov det\u00ed s Downov\u00fdm syndr\u00f3mom,<br \/>\nzjednoten\u00ed pri presadzovan\u00ed pr\u00e1v \u013eud\u00ed s Downov\u00fdm syndr\u00f3mom v 4 prioritn\u00fdch oblastiach:<br \/>\nvidite\u013enos\u0165, nediskrimin\u00e1cia, zdravie, auton\u00f3mia<\/span><\/p>\n<p style=\"text-align: center;\"><strong>Kontakt<\/strong> : contact@eufortrisomy21.eu<\/p>\n<p style=\"text-align: right;\"><a href=\"https:\/\/eufortrisomy21.eu\/wp-content\/uploads\/2021\/03\/2021-03-11-EN-PRESS-RELEASE-conference.pdf\" target=\"_blank\" rel=\"noopener\">Kliknite tu <\/a>na stiahnutie tla\u010dovej spr\u00e1vy<\/p>","protected":false},"excerpt":{"rendered":"<p>\u00a0To celebrate the International Day of Trisomy 21, EUfortrisomy21 organizes a conference Thursday 18th March 2021 from 2 to 3:30&hellip;<\/p>","protected":false},"author":3,"featured_media":0,"comment_status":"closed","ping_status":"closed","sticky":false,"template":"","format":"standard","meta":{"_acf_changed":false,"footnotes":""},"categories":[45],"tags":[],"class_list":["post-31637","post","type-post","status-publish","format-standard","hentry","category-21-march-21"],"acf":[],"_links":{"self":[{"href":"https:\/\/eufortrisomy21.eu\/sk\/wp-json\/wp\/v2\/posts\/31637"}],"collection":[{"href":"https:\/\/eufortrisomy21.eu\/sk\/wp-json\/wp\/v2\/posts"}],"about":[{"href":"https:\/\/eufortrisomy21.eu\/sk\/wp-json\/wp\/v2\/types\/post"}],"author":[{"embeddable":true,"href":"https:\/\/eufortrisomy21.eu\/sk\/wp-json\/wp\/v2\/users\/3"}],"replies":[{"embeddable":true,"href":"https:\/\/eufortrisomy21.eu\/sk\/wp-json\/wp\/v2\/comments?post=31637"}],"version-history":[{"count":0,"href":"https:\/\/eufortrisomy21.eu\/sk\/wp-json\/wp\/v2\/posts\/31637\/revisions"}],"wp:attachment":[{"href":"https:\/\/eufortrisomy21.eu\/sk\/wp-json\/wp\/v2\/media?parent=31637"}],"wp:term":[{"taxonomy":"category","embeddable":true,"href":"https:\/\/eufortrisomy21.eu\/sk\/wp-json\/wp\/v2\/categories?post=31637"},{"taxonomy":"post_tag","embeddable":true,"href":"https:\/\/eufortrisomy21.eu\/sk\/wp-json\/wp\/v2\/tags?post=31637"}],"curies":[{"name":"wp","href":"https:\/\/api.w.org\/{rel}","templated":true}]}}