{"id":31969,"date":"2021-03-16T15:35:04","date_gmt":"2021-03-16T14:35:04","guid":{"rendered":"https:\/\/eufortrisomy21.eu\/?p=31969"},"modified":"2021-03-16T15:48:59","modified_gmt":"2021-03-16T14:48:59","slug":"trisomy-21-what-europe-can-do-program","status":"publish","type":"post","link":"https:\/\/eufortrisomy21.eu\/sk\/trisomy-21-what-europe-can-do-program\/","title":{"rendered":"Triz\u00f3mia 21: \u010co m\u00f4\u017ee Eur\u00f3pa urobi\u0165? - Program"},"content":{"rendered":"<h1>Triz\u00f3mia 21: \u010co m\u00f4\u017ee Eur\u00f3pa urobi\u0165?<\/h1>\n<p>Vidite\u013enos\u0165, za\u010dlenenie, auton\u00f3mia: z\u00e1kladn\u00e9 ot\u00e1zky pre \u013eud\u00ed s Trizomiou 21<\/p>\n<p>&nbsp;<\/p>\n<p><img loading=\"lazy\" decoding=\"async\" class=\"size-medium wp-image-31642 alignleft\" src=\"https:\/\/eufortrisomy21.eu\/wp-content\/uploads\/2021\/03\/Trisomy-21-What-can-Europe-do-253x300.jpg\" alt=\"\" width=\"253\" height=\"300\" srcset=\"https:\/\/eufortrisomy21.eu\/wp-content\/uploads\/2021\/03\/Trisomy-21-What-can-Europe-do-253x300.jpg 253w, https:\/\/eufortrisomy21.eu\/wp-content\/uploads\/2021\/03\/Trisomy-21-What-can-Europe-do-10x12.jpg 10w, https:\/\/eufortrisomy21.eu\/wp-content\/uploads\/2021\/03\/Trisomy-21-What-can-Europe-do.jpg 708w\" sizes=\"(max-width: 253px) 100vw, 253px\" \/>D\u00e1tum: \u0161tvrtok 18.<sup>th<\/sup> marca 2021 - 14:00<\/p>\n<p>Miesto: Online konferencia<\/p>\n<p>Registr\u00e1cia d\u0148a <a href=\"mailto:Contact@eufortrisomy21.eu\">Contact@eufortrisomy21.eu<\/a><\/p>\n<p>Jazyk: angli\u010dtina, \u0161paniel\u010dina, franc\u00faz\u0161tina, nem\u010dina a nem\u010dina, \u013eahk\u00e9 jazyky, rumun\u010dina<\/p>\n<p>&nbsp;<\/p>\n<h2><\/h2>\n<h2><\/h2>\n<hr \/>\n<h2>N\u00e1vrh programu:<\/h2>\n<h3><u>Rodi\u010dia a sebaobhajcovia:<\/u><\/h3>\n<p>14:00 \u00davod - Clotilde No\u00ebl (Franc\u00fazsko, Tomb\u00e9e du Nid), Rodrigo Escobar (\u0160panielsko) a Sofia Carnevali (Taliansko)<\/p>\n<p>14:10 - Sanna Karosas (Litva, Saulytes)<\/p>\n<p>14:15 - Natalie Dedreux, sebaobhajky\u0148a (Nemecko)<\/p>\n<p>14.20 - Mareike Fuisz (Nemecko)<\/p>\n<p>14:25 - Liana Maria Vislan (Rumunsko, Asociatia Langdon Down Oltenia)<\/p>\n<h3><u>Poslanci Eur\u00f3pskeho parlamentu:<\/u><\/h3>\n<p>14:30 Fran\u00e7ois-Xavier Bellamy; Franc\u00fazsko, skupina Eur\u00f3pskej \u013eudovej strany<\/p>\n<p>14:40 Katrin Langensiepen; Nemecko, Skupina zelen\u00fdch<\/p>\n<p>14:50 Patryk Jaki; Po\u013esko, skupina eur\u00f3pskych konzervat\u00edvcov a reformistov<\/p>\n<p>15:00 Estrella Dur\u00e1 Ferrandis; \u0160panielsko, Skupina progres\u00edvnej aliancie socialistov a demokratov<\/p>\n<p>15.10 h Radka Maxov\u00e1; \u010cesko, skupina Obnovi\u0165 Eur\u00f3pu<\/p>\n<p>&nbsp;<\/p>\n<p>15:20 Ot\u00e1zky a odpovede<\/p>\n<p>15:30 Koniec online konferencie<\/p>","protected":false},"excerpt":{"rendered":"<p>Trisomy 21\u00a0: What Europe can do? Visibility, inclusion, autonomy: essentials issues for people with Trisomy 21 &nbsp; Date: Thursday 18th&hellip;<\/p>","protected":false},"author":3,"featured_media":0,"comment_status":"closed","ping_status":"closed","sticky":false,"template":"","format":"standard","meta":{"_acf_changed":false,"footnotes":""},"categories":[45],"tags":[],"class_list":["post-31969","post","type-post","status-publish","format-standard","hentry","category-21-march-21"],"acf":[],"_links":{"self":[{"href":"https:\/\/eufortrisomy21.eu\/sk\/wp-json\/wp\/v2\/posts\/31969"}],"collection":[{"href":"https:\/\/eufortrisomy21.eu\/sk\/wp-json\/wp\/v2\/posts"}],"about":[{"href":"https:\/\/eufortrisomy21.eu\/sk\/wp-json\/wp\/v2\/types\/post"}],"author":[{"embeddable":true,"href":"https:\/\/eufortrisomy21.eu\/sk\/wp-json\/wp\/v2\/users\/3"}],"replies":[{"embeddable":true,"href":"https:\/\/eufortrisomy21.eu\/sk\/wp-json\/wp\/v2\/comments?post=31969"}],"version-history":[{"count":0,"href":"https:\/\/eufortrisomy21.eu\/sk\/wp-json\/wp\/v2\/posts\/31969\/revisions"}],"wp:attachment":[{"href":"https:\/\/eufortrisomy21.eu\/sk\/wp-json\/wp\/v2\/media?parent=31969"}],"wp:term":[{"taxonomy":"category","embeddable":true,"href":"https:\/\/eufortrisomy21.eu\/sk\/wp-json\/wp\/v2\/categories?post=31969"},{"taxonomy":"post_tag","embeddable":true,"href":"https:\/\/eufortrisomy21.eu\/sk\/wp-json\/wp\/v2\/tags?post=31969"}],"curies":[{"name":"wp","href":"https:\/\/api.w.org\/{rel}","templated":true}]}}