{"id":32206,"date":"2021-03-19T13:25:51","date_gmt":"2021-03-19T12:25:51","guid":{"rendered":"https:\/\/eufortrisomy21.eu\/?p=32206"},"modified":"2022-06-24T11:55:59","modified_gmt":"2022-06-24T09:55:59","slug":"press-release-on-march-21st-europe-is-honouring-persons-with-downs-syndrome","status":"publish","type":"post","link":"https:\/\/eufortrisomy21.eu\/sk\/press-release-on-march-21st-europe-is-honouring-persons-with-downs-syndrome\/","title":{"rendered":"Tla\u010dov\u00e1 spr\u00e1va: 21. marca si Eur\u00f3pa ct\u00ed osoby s Downov\u00fdm syndr\u00f3mom"},"content":{"rendered":"<p style=\"text-align: right;\"><img loading=\"lazy\" decoding=\"async\" class=\"size-medium wp-image-14470 alignleft\" src=\"https:\/\/eufortrisomy21.eu\/wp-content\/uploads\/2020\/02\/Banniere7-300x120.jpg\" alt=\"\" width=\"300\" height=\"120\" srcset=\"https:\/\/eufortrisomy21.eu\/wp-content\/uploads\/2020\/02\/Banniere7-300x120.jpg 300w, https:\/\/eufortrisomy21.eu\/wp-content\/uploads\/2020\/02\/Banniere7-1024x410.jpg 1024w, https:\/\/eufortrisomy21.eu\/wp-content\/uploads\/2020\/02\/Banniere7-768x307.jpg 768w, https:\/\/eufortrisomy21.eu\/wp-content\/uploads\/2020\/02\/Banniere7-1536x614.jpg 1536w, https:\/\/eufortrisomy21.eu\/wp-content\/uploads\/2020\/02\/Banniere7.jpg 2000w\" sizes=\"(max-width: 300px) 100vw, 300px\" \/>tla\u010dov\u00e1 spr\u00e1va<\/p>\n<p style=\"text-align: right;\">Brusel<\/p>\n<p style=\"text-align: right;\">19. marca 2021<\/p>\n<p>&nbsp;<\/p>\n<h2 style=\"text-align: center;\"><span style=\"color: #99ccff;\"><strong>21. marca si Eur\u00f3pa uct\u00ed osoby s Downov\u00fdm syndr\u00f3mom:\u00a0\u00a0<\/strong><strong>ob\u010danov <\/strong><\/span><strong>a <span style=\"color: #99ccff;\">politick\u00ed vodcovia<\/span> s\u00fa pozvan\u00ed na oslavu <\/strong><span style=\"color: #99ccff;\"><strong>Medzin\u00e1rodn\u00fd de\u0148 triz\u00f3mie 21<\/strong><\/span><span style=\"color: #99ccff;\">\u00a0<\/span><\/h2>\n<p style=\"text-align: center;\"><strong>\u010eakujem <span style=\"color: #ffcc00;\">Pani Von der Leyen<\/span> a do <span style=\"color: #ffcc00;\">Poslanci Eur\u00f3pskeho parlamentu (poslanci)<\/span><\/strong><\/p>\n<p style=\"text-align: center;\"><strong>ktor\u00ed s\u00fa zapojen\u00ed do tejto kampane.<\/strong><\/p>\n<p style=\"text-align: left;\"><span style=\"color: #000000;\">\u00a0<\/span>Cel\u00fd t\u00fd\u017ede\u0148 \u0161\u00edria v\u00fdzvu tis\u00edce ob\u010danov a rod\u00edn po celej Eur\u00f3pe \u00ab\u00a0<em>Tanec 21. marca\u00a0<\/em>\u00bb<\/p>\n<p style=\"text-align: center;\"><span style=\"color: #99ccff;\"><strong>V\u0161etci s\u00fa pozvan\u00ed, aby sa pripojili k mobiliz\u00e1cii do 21. marca<\/strong><\/span><\/p>\n<p style=\"text-align: center;\">zdie\u013ean\u00edm video kompil\u00e1cie zverejnenej t\u00fato stredu ve\u010der (17. marca):<\/p>\n<p style=\"text-align: center;\"><span style=\"color: #99ccff;\"><strong>@ eufortrisomy21<br \/>\n#EUfortrisomy21 #challenge #downsyndr\u00f3m<\/strong><\/span><\/p>\n<p>Objavi\u0165 na <a href=\"https:\/\/eufortrisomy21.eu\/fr\/\">https:\/\/eufortrisomy21.eu\/fr\/<\/a><br \/>\nZdiela\u0165 :<br \/>\n* twitter *: <a href=\"https:\/\/twitter.com\/eufortrisomy21?s=21\">https:\/\/twitter.com\/eufortrisomy21?s=21<\/a><br \/>\n* Instagram *: <a href=\"https:\/\/instagram.com\/eufortrisomy21?igshid=1htqe2arifhnb\">https:\/\/instagram.com\/eufortrisomy21?igshid=1htqe2arifhnb<br \/>\n<\/a>*Facebook * : <a href=\"https:\/\/www.facebook.com\/EUforTrisomy21\/\">https:\/\/www.facebook.com\/EUforTrisomy21\/<\/a><br \/>\n*TIK tak * : <a href=\"https:\/\/vm.tiktok.com\/ZSJFpN5D8\/\">https:\/\/vm.tiktok.com\/ZSJFpN5D8\/<\/a><\/p>\n<p>V r\u00e1mci in\u00e9ho projektu eur\u00f3pski politick\u00ed vodcovia prejavuj\u00fa ochotu osl\u00e1vi\u0165 tento d\u00e1tum sponzorovan\u00edm mlad\u00e9ho \u010dloveka s Downov\u00fdm syndr\u00f3mom. <span style=\"color: #ffcc00;\"><strong>1<\/strong><strong>23 poslancov <\/strong><\/span>pozit\u00edvne odpovedali na n\u00e1vrh stretn\u00fa\u0165 (\u010dasto prakticky) jedn\u00e9ho mlad\u00e9ho \u010dloveka s Downov\u00fdm syndr\u00f3mom a \/ alebo jeho rodi\u010dov z ich krajiny, ktor\u00fd sa stal \u201epodporovate\u013eom Trsisomy 21\u201c. Pani. <span style=\"color: #ffcc00;\"><strong>von der Leyen<\/strong><\/span>, predseda Eur\u00f3pskej komisie, sa z\u00fa\u010dast\u0148uje a podporuje t\u00fato iniciat\u00edvu.<\/p>\n<p>&nbsp;<\/p>\n<p><img loading=\"lazy\" decoding=\"async\" class=\"aligncenter wp-image-32207 size-full\" src=\"https:\/\/eufortrisomy21.eu\/wp-content\/uploads\/2021\/03\/EN.png\" alt=\"\" width=\"1241\" height=\"1754\" srcset=\"https:\/\/eufortrisomy21.eu\/wp-content\/uploads\/2021\/03\/EN.png 1241w, https:\/\/eufortrisomy21.eu\/wp-content\/uploads\/2021\/03\/EN-212x300.png 212w, https:\/\/eufortrisomy21.eu\/wp-content\/uploads\/2021\/03\/EN-725x1024.png 725w, https:\/\/eufortrisomy21.eu\/wp-content\/uploads\/2021\/03\/EN-768x1085.png 768w, https:\/\/eufortrisomy21.eu\/wp-content\/uploads\/2021\/03\/EN-1087x1536.png 1087w, https:\/\/eufortrisomy21.eu\/wp-content\/uploads\/2021\/03\/EN-8x12.png 8w\" sizes=\"(max-width: 1241px) 100vw, 1241px\" \/><\/p>\n<p style=\"text-align: center;\"><span class=\"fontstyle0\">EUfortrisomy21 <\/span><span class=\"fontstyle2\">je komunita rodi\u010dov det\u00ed s Downov\u00fdm syndr\u00f3mom,<br \/>\nzjednoten\u00ed pri presadzovan\u00ed pr\u00e1v \u013eud\u00ed s Downov\u00fdm syndr\u00f3mom v 4 prioritn\u00fdch oblastiach:<br \/>\nvidite\u013enos\u0165, nediskrimin\u00e1cia, zdravie, auton\u00f3mia<\/span><\/p>\n<p style=\"text-align: center;\"><strong>Kontakt<\/strong> : contact@eufortrisomy21.eu<\/p>\n<p style=\"text-align: right;\"><a href=\"https:\/\/eufortrisomy21.eu\/wp-content\/uploads\/2021\/03\/2021-03-19-FINAL-PRESS-RELEASE.pdf\" target=\"_blank\" rel=\"noopener\">Kliknite tu <\/a>na stiahnutie tla\u010dovej spr\u00e1vy<\/p>\n<p style=\"text-align: right;\"><a href=\"https:\/\/eufortrisomy21.eu\/wp-content\/uploads\/2021\/03\/Communique-de-presse_EN.pdf\" target=\"_blank\" rel=\"noopener\">Kliknite tu <\/a>na stiahnutie v\u00fdznamn\u00fdch \u010d\u00edsel<\/p>","protected":false},"excerpt":{"rendered":"<p>\u00a0To celebrate the International Day of Trisomy 21, EUfortrisomy21 organizes a conference Thursday 18th March 2021 from 2 to 3:30&hellip;<\/p>","protected":false},"author":3,"featured_media":0,"comment_status":"closed","ping_status":"closed","sticky":false,"template":"","format":"standard","meta":{"_acf_changed":false,"footnotes":""},"categories":[45],"tags":[],"class_list":["post-32206","post","type-post","status-publish","format-standard","hentry","category-21-march-21"],"acf":[],"_links":{"self":[{"href":"https:\/\/eufortrisomy21.eu\/sk\/wp-json\/wp\/v2\/posts\/32206"}],"collection":[{"href":"https:\/\/eufortrisomy21.eu\/sk\/wp-json\/wp\/v2\/posts"}],"about":[{"href":"https:\/\/eufortrisomy21.eu\/sk\/wp-json\/wp\/v2\/types\/post"}],"author":[{"embeddable":true,"href":"https:\/\/eufortrisomy21.eu\/sk\/wp-json\/wp\/v2\/users\/3"}],"replies":[{"embeddable":true,"href":"https:\/\/eufortrisomy21.eu\/sk\/wp-json\/wp\/v2\/comments?post=32206"}],"version-history":[{"count":0,"href":"https:\/\/eufortrisomy21.eu\/sk\/wp-json\/wp\/v2\/posts\/32206\/revisions"}],"wp:attachment":[{"href":"https:\/\/eufortrisomy21.eu\/sk\/wp-json\/wp\/v2\/media?parent=32206"}],"wp:term":[{"taxonomy":"category","embeddable":true,"href":"https:\/\/eufortrisomy21.eu\/sk\/wp-json\/wp\/v2\/categories?post=32206"},{"taxonomy":"post_tag","embeddable":true,"href":"https:\/\/eufortrisomy21.eu\/sk\/wp-json\/wp\/v2\/tags?post=32206"}],"curies":[{"name":"wp","href":"https:\/\/api.w.org\/{rel}","templated":true}]}}