{"id":32350,"date":"2021-06-24T17:12:45","date_gmt":"2021-06-24T15:12:45","guid":{"rendered":"https:\/\/eufortrisomy21.eu\/?p=32350"},"modified":"2022-07-22T10:28:28","modified_gmt":"2022-07-22T08:28:28","slug":"online-conference-improving-the-visibility-of-people-with-down-syndrome-an-emergency-for-europe","status":"publish","type":"post","link":"https:\/\/eufortrisomy21.eu\/sk\/online-conference-improving-the-visibility-of-people-with-down-syndrome-an-emergency-for-europe\/","title":{"rendered":"Online konferencia - 8. j\u00fala 2021 - Zlep\u0161enie vidite\u013enosti \u013eud\u00ed s Downov\u00fdm syndr\u00f3mom"},"content":{"rendered":"<p style=\"text-align: right;\"><img loading=\"lazy\" decoding=\"async\" class=\"size-medium wp-image-14470 alignleft\" src=\"https:\/\/eufortrisomy21.eu\/wp-content\/uploads\/2020\/02\/Banniere7-300x120.jpg\" alt=\"\" width=\"300\" height=\"120\" srcset=\"https:\/\/eufortrisomy21.eu\/wp-content\/uploads\/2020\/02\/Banniere7-300x120.jpg 300w, https:\/\/eufortrisomy21.eu\/wp-content\/uploads\/2020\/02\/Banniere7-1024x410.jpg 1024w, https:\/\/eufortrisomy21.eu\/wp-content\/uploads\/2020\/02\/Banniere7-768x307.jpg 768w, https:\/\/eufortrisomy21.eu\/wp-content\/uploads\/2020\/02\/Banniere7-1536x614.jpg 1536w, https:\/\/eufortrisomy21.eu\/wp-content\/uploads\/2020\/02\/Banniere7.jpg 2000w\" sizes=\"(max-width: 300px) 100vw, 300px\" \/><\/p>\n<p>&nbsp;<\/p>\n<p>&nbsp;<\/p>\n<p>&nbsp;<\/p>\n<p>&nbsp;<\/p>\n<h2 style=\"text-align: center;\">Zlep\u0161enie vidite\u013enosti \u013eud\u00ed s Downov\u00fdm syndr\u00f3mom: n\u00fadzov\u00e1 situ\u00e1cia v Eur\u00f3pe. Pre\u010do? Ako?<\/h2>\n<p>Hlavnou diskusiou v tejto oblasti by malo by\u0165 zlep\u0161enie vidite\u013enosti \u013eud\u00ed s Downov\u00fdm syndr\u00f3mom v Eur\u00f3pe <a href=\"https:\/\/futureu.europa.eu\/\" target=\"_blank\" rel=\"noopener\">ob\u010dianska konzult\u00e1cia o bud\u00facnosti Eur\u00f3py<\/a>.<\/p>\n<p><strong><a href=\"https:\/\/docs.google.com\/forms\/d\/e\/1FAIpQLSfcweCVPOG7YO_JwvF9NAbhpVdDDrUbxl59EM7JJ17kPaB95Q\/viewform\" target=\"_blank\" rel=\"noopener\">Zaregistrujte sa tu<\/a> <\/strong>z\u00fa\u010dastni\u0165 sa online konferencie EUfortrisomy21 o <strong>8. j\u00fala o 18:00 (bruselsk\u00e9ho \u010dasu)<\/strong> a prispie\u0165 k online diskusi\u00e1m s ob\u010danmi o \u201eBud\u00facnosti Eur\u00f3py\u201c s cie\u013eom zlep\u0161i\u0165 vidite\u013enos\u0165 \u013eud\u00ed s Downov\u00fdm syndr\u00f3mom.<\/p>\n<p><strong>Jazyky:<\/strong> Anglick\u00fd, \u0161panielsky, franc\u00fazsky, nemeck\u00fd, nemeck\u00fd \u013eahk\u00fd jazyk, \u010desk\u00fd a taliansky<\/p>\n<p>&nbsp;<\/p>\n<h2><u>Program:<\/u><\/h2>\n<p><strong>\u00davod: <\/strong>P\u00e1n Brando Benifei (poslanec Eur\u00f3pskeho parlamentu - Taliansko)<\/p>\n<p><strong>\u010cas\u0165 1: Kontroverzn\u00e9 pr\u00edpady diskrimin\u00e1cie v Eur\u00f3pe\u00a0<\/strong><\/p>\n<ul>\n<li>Dear Future Mom - Riccardo Bianchi - Coordown (IT)<\/li>\n<li>Dear Future Mom (cenz\u00fara a pr\u00edpad pred ED\u013dP) - Lucie Pacherie - Fondation J\u00e9r\u00f4me Lejeune (FR)<\/li>\n<li>Pr\u00edpad Arcadi Spada (SP) a Richard Dawkins - Raquel del Barrio (referentn\u00fd rodi\u010d E\u00da pre Trisomy 21 v \u0160panielsku)<\/li>\n<\/ul>\n<p><strong>\u010cas\u0165 2: Pre\u010do tento prejav diskrimin\u00e1cie v Eur\u00f3pe st\u00e1le existuje?<\/strong><\/p>\n<ul>\n<li>Filozof: Danielle Moyse (FR)<\/li>\n<li>Tina Sander (zakladate\u013eka asoci\u00e1cie): #NoNIPT kampa\u0148 v Nemecku (GE)<\/li>\n<li>Samoobhajky\u0148a: Natalie Dedreux-bloggerka a novin\u00e1rka (GE)<\/li>\n<\/ul>\n<p><strong>\u010cas\u0165 3: Ako postupova\u0165, aby sa podporila d\u00f4stojnos\u0165 a zvidite\u013enila \u013eudia s triz\u00f3miou 21?<\/strong><\/p>\n<ul>\n<li>Samostatn\u00e1 advok\u00e1tka: Caterina Moretti (SP)<\/li>\n<li>Video pani Dubravky Suice, \u010dlenky predsedkyne Eur\u00f3pskej komisie konferencie o bud\u00facnosti Eur\u00f3py<\/li>\n<\/ul>\n<p><strong>Ot\u00e1zky a odpovede<\/strong><\/p>\n<p><strong>Z\u00e1ver: <\/strong>Pani Radka Maxov\u00e1 (poslanky\u0148a Eur\u00f3pskeho parlamentu - \u010cesk\u00e1 republika)<\/p>\n<p id=\"tw-target-text\" class=\"tw-data-text tw-text-large XcVN5d tw-ta\" data-placeholder=\"Traduction\">K dispoz\u00edcii s\u00fa opakovan\u00e9 vide\u00e1 z na\u0161ej online konferencie <a href=\"https:\/\/www.youtube.com\/channel\/UCFbORaGOrc9HBNBSK7DG-nQ?app=desktop&amp;pli=1\" target=\"_blank\" rel=\"noopener\">na na\u0161om kan\u00e1li YouTube<\/a>.<\/p>\n<p style=\"text-align: center;\"><span class=\"fontstyle0\">EUfortrisomy21 <\/span><span class=\"fontstyle2\">je komunita rodi\u010dov det\u00ed s Downov\u00fdm syndr\u00f3mom,<br \/>\nzjednoten\u00ed pri presadzovan\u00ed pr\u00e1v \u013eud\u00ed s Downov\u00fdm syndr\u00f3mom v 4 prioritn\u00fdch oblastiach:<br \/>\nvidite\u013enos\u0165, nediskrimin\u00e1cia, zdravie, auton\u00f3mia<\/span><\/p>\n<p style=\"text-align: center;\"><strong>Kontakt<\/strong> : contact@eufortrisomy21.eu<\/p>\n<p style=\"text-align: right;\">","protected":false},"excerpt":{"rendered":"<p>Improving the visibility of people with Down syndrome in Europe should be a major debate in the citizen\u2019s consultation for&hellip;<\/p>","protected":false},"author":3,"featured_media":0,"comment_status":"closed","ping_status":"closed","sticky":false,"template":"","format":"standard","meta":{"_acf_changed":false,"footnotes":""},"categories":[45],"tags":[],"class_list":["post-32350","post","type-post","status-publish","format-standard","hentry","category-21-march-21"],"acf":[],"_links":{"self":[{"href":"https:\/\/eufortrisomy21.eu\/sk\/wp-json\/wp\/v2\/posts\/32350"}],"collection":[{"href":"https:\/\/eufortrisomy21.eu\/sk\/wp-json\/wp\/v2\/posts"}],"about":[{"href":"https:\/\/eufortrisomy21.eu\/sk\/wp-json\/wp\/v2\/types\/post"}],"author":[{"embeddable":true,"href":"https:\/\/eufortrisomy21.eu\/sk\/wp-json\/wp\/v2\/users\/3"}],"replies":[{"embeddable":true,"href":"https:\/\/eufortrisomy21.eu\/sk\/wp-json\/wp\/v2\/comments?post=32350"}],"version-history":[{"count":0,"href":"https:\/\/eufortrisomy21.eu\/sk\/wp-json\/wp\/v2\/posts\/32350\/revisions"}],"wp:attachment":[{"href":"https:\/\/eufortrisomy21.eu\/sk\/wp-json\/wp\/v2\/media?parent=32350"}],"wp:term":[{"taxonomy":"category","embeddable":true,"href":"https:\/\/eufortrisomy21.eu\/sk\/wp-json\/wp\/v2\/categories?post=32350"},{"taxonomy":"post_tag","embeddable":true,"href":"https:\/\/eufortrisomy21.eu\/sk\/wp-json\/wp\/v2\/tags?post=32350"}],"curies":[{"name":"wp","href":"https:\/\/api.w.org\/{rel}","templated":true}]}}