{"id":32385,"date":"2021-07-12T15:00:46","date_gmt":"2021-07-12T13:00:46","guid":{"rendered":"https:\/\/eufortrisomy21.eu\/?p=32385"},"modified":"2021-07-13T14:43:26","modified_gmt":"2021-07-13T12:43:26","slug":"eu-for-trisomy-21-takes-part-in-the-citizen-consultation-for-the-future-of-europe","status":"publish","type":"post","link":"https:\/\/eufortrisomy21.eu\/sk\/eu-for-trisomy-21-takes-part-in-the-citizen-consultation-for-the-future-of-europe\/","title":{"rendered":"E\u00da pre Trizomy 21 sa z\u00fa\u010dast\u0148uje konzult\u00e1ci\u00ed s ob\u010danmi pre bud\u00facnos\u0165 Eur\u00f3py"},"content":{"rendered":"<p style=\"text-align: right;\"><img loading=\"lazy\" decoding=\"async\" class=\"aligncenter wp-image-32386 size-large\" src=\"https:\/\/eufortrisomy21.eu\/wp-content\/uploads\/2021\/07\/create-an-account-and-participate-in-the-COFUE-1024x522.jpeg\" alt=\"\" width=\"1024\" height=\"522\" srcset=\"https:\/\/eufortrisomy21.eu\/wp-content\/uploads\/2021\/07\/create-an-account-and-participate-in-the-COFUE-1024x522.jpeg 1024w, https:\/\/eufortrisomy21.eu\/wp-content\/uploads\/2021\/07\/create-an-account-and-participate-in-the-COFUE-300x153.jpeg 300w, https:\/\/eufortrisomy21.eu\/wp-content\/uploads\/2021\/07\/create-an-account-and-participate-in-the-COFUE-768x392.jpeg 768w, https:\/\/eufortrisomy21.eu\/wp-content\/uploads\/2021\/07\/create-an-account-and-participate-in-the-COFUE-1536x783.jpeg 1536w, https:\/\/eufortrisomy21.eu\/wp-content\/uploads\/2021\/07\/create-an-account-and-participate-in-the-COFUE-16x8.jpeg 16w, https:\/\/eufortrisomy21.eu\/wp-content\/uploads\/2021\/07\/create-an-account-and-participate-in-the-COFUE.jpeg 1600w\" sizes=\"(max-width: 1024px) 100vw, 1024px\" \/><\/p>\n<p>&nbsp;<\/p>\n<h2 style=\"text-align: center;\">Zlep\u0161enie vidite\u013enosti \u013eud\u00ed s Downov\u00fdm syndr\u00f3mom v Eur\u00f3pe<\/h2>\n<p>Po na\u0161om <a href=\"https:\/\/eufortrisomy21.eu\/sk\/online-conference-improving-the-visibility-of-people-with-down-syndrome-an-emergency-for-europe\/\" target=\"_blank\" rel=\"noopener\">online konferencia 8. j\u00fala 2021<\/a> o zlep\u0161en\u00ed vidite\u013enosti \u013eud\u00ed s Downov\u00fdm syndr\u00f3mom, <em>E\u00da pre triz\u00f3miu 21<\/em> je ochotn\u00fd prispieva\u0165 do online diskusi\u00ed <a href=\"https:\/\/futureu.europa.eu\/\" target=\"_blank\" rel=\"noopener\">konzult\u00e1cie s ob\u010danmi o \u201ebud\u00facnosti Eur\u00f3py\u201c (COFUE)<\/a> na t\u00fato relevantn\u00fa t\u00e9mu.<\/p>\n<p>K dispoz\u00edcii s\u00fa opakovan\u00e9 vide\u00e1 z na\u0161ej online konferencie <a href=\"https:\/\/www.youtube.com\/channel\/UCFbORaGOrc9HBNBSK7DG-nQ?app=desktop&amp;pli=1\" target=\"_blank\" rel=\"noopener\">na na\u0161om kan\u00e1li YouTube<\/a>.<\/p>\n<p>Pozvan\u00fd je ka\u017ed\u00fd ob\u010dan <strong><a href=\"https:\/\/ecas.ec.europa.eu\/cas\/login?loginRequestId=ECAS_LR-2693389-GzNdnJ3Wy1IzedbURaMr8R19ucNOzlSHnydL7gzJBjizzjEf9cd1hdHXH4bk53zoajHzptmu9NxJKo4pzzrSGzTu2-yntOf97TTHqKzeMCLkj3P5-PBeTXip3FnJiThu1LQR0IbPodSkGSqs5PIMHbTiRxdYqcFsrzGA9QYocQRD5fWCNM877rBwqbyRMzzVAvu7PyDm\">vytvori\u0165 \u00fa\u010det<\/a><\/strong> na webovej str\u00e1nke COFUE a zverejni\u0165 koment\u00e1r k podujatiu na\u0161ej online konferencie <strong><a href=\"https:\/\/futureu.europa.eu\/processes\/ValuesRights\/f\/11\/meetings\/19405\">tu<\/a><\/strong>.<\/p>\n<p>Ak m\u00e1te z\u00e1ujem z\u00fa\u010dastni\u0165 sa tejto konzult\u00e1cie s ob\u010danmi Eur\u00f3py, ste pozvan\u00ed <a href=\"https:\/\/docs.google.com\/forms\/d\/e\/1FAIpQLSd7voDpFs39q6UCbSVMIW_ifFfvU9SigQydcUe2mLEz7D_wQQ\/viewform\" target=\"_blank\" rel=\"noopener\">zaregistrujte sa na tomto formul\u00e1ri<\/a>, aby sme s vami mohli komunikova\u0165, ke\u010f sa debata rozvinie.<\/p>\n<p>&nbsp;<\/p>\n<pre id=\"tw-target-text\" class=\"tw-data-text tw-text-large XcVN5d tw-ta\" data-placeholder=\"Traduction\"><\/pre>\n<p style=\"text-align: center;\"><span class=\"fontstyle0\">EUfortrisomy21 <\/span><span class=\"fontstyle2\">je komunita rodi\u010dov det\u00ed s Downov\u00fdm syndr\u00f3mom,<br \/>\nzjednoten\u00ed pri presadzovan\u00ed pr\u00e1v \u013eud\u00ed s Downov\u00fdm syndr\u00f3mom v 4 prioritn\u00fdch oblastiach:<br \/>\nvidite\u013enos\u0165, nediskrimin\u00e1cia, zdravie, auton\u00f3mia<\/span><\/p>\n<p style=\"text-align: center;\"><strong>Kontakt<\/strong> : contact@eufortrisomy21.eu<\/p>\n<p style=\"text-align: right;\">","protected":false},"excerpt":{"rendered":"<p>Following the online conference on the 8th of July 2021 on improving the visibility of people with Down syndrome, EU&hellip;<\/p>","protected":false},"author":3,"featured_media":0,"comment_status":"closed","ping_status":"closed","sticky":false,"template":"","format":"standard","meta":{"_acf_changed":false,"footnotes":""},"categories":[45],"tags":[],"class_list":["post-32385","post","type-post","status-publish","format-standard","hentry","category-21-march-21"],"acf":[],"_links":{"self":[{"href":"https:\/\/eufortrisomy21.eu\/sk\/wp-json\/wp\/v2\/posts\/32385"}],"collection":[{"href":"https:\/\/eufortrisomy21.eu\/sk\/wp-json\/wp\/v2\/posts"}],"about":[{"href":"https:\/\/eufortrisomy21.eu\/sk\/wp-json\/wp\/v2\/types\/post"}],"author":[{"embeddable":true,"href":"https:\/\/eufortrisomy21.eu\/sk\/wp-json\/wp\/v2\/users\/3"}],"replies":[{"embeddable":true,"href":"https:\/\/eufortrisomy21.eu\/sk\/wp-json\/wp\/v2\/comments?post=32385"}],"version-history":[{"count":0,"href":"https:\/\/eufortrisomy21.eu\/sk\/wp-json\/wp\/v2\/posts\/32385\/revisions"}],"wp:attachment":[{"href":"https:\/\/eufortrisomy21.eu\/sk\/wp-json\/wp\/v2\/media?parent=32385"}],"wp:term":[{"taxonomy":"category","embeddable":true,"href":"https:\/\/eufortrisomy21.eu\/sk\/wp-json\/wp\/v2\/categories?post=32385"},{"taxonomy":"post_tag","embeddable":true,"href":"https:\/\/eufortrisomy21.eu\/sk\/wp-json\/wp\/v2\/tags?post=32385"}],"curies":[{"name":"wp","href":"https:\/\/api.w.org\/{rel}","templated":true}]}}