{"id":33632,"date":"2023-07-07T14:20:00","date_gmt":"2023-07-07T12:20:00","guid":{"rendered":"https:\/\/eufortrisomy21.eu\/?p=33632"},"modified":"2024-02-20T17:21:50","modified_gmt":"2024-02-20T16:21:50","slug":"time-for-more-equal-treatment","status":"publish","type":"post","link":"https:\/\/eufortrisomy21.eu\/sk\/time-for-more-equal-treatment\/","title":{"rendered":"\u010cas na rovnak\u00e9 zaobch\u00e1dzanie"},"content":{"rendered":"<p><strong>Projekt \u201eBud\u00facnos\u0165 je na\u0161a\u201c: Posilnenie zmeny a inkl\u00fazie<\/strong><\/p>\n<p>7. j\u00fala 2023 \u2013 Sie\u0165 E\u00da pre triz\u00f3miu 21 s pote\u0161en\u00edm oznamuje \u00faspe\u0161n\u00e9 ukon\u010denie svojho \u0161tvrt\u00e9ho podujatia v r\u00e1mci prebiehaj\u00faceho projektu \u201eBud\u00facnos\u0165 je na\u0161a\u201c. Podujatie, ktor\u00e9 sa konalo 6. j\u00fala, sponzorovan\u00e9 Eur\u00f3pskou \u00faniou prostredn\u00edctvom grantu CERV, bolo v\u00fdrazn\u00fdm \u00faspechom pri podpore dial\u00f3gu a posilnen\u00ed postavenia jednotlivcov s ment\u00e1lnym postihnut\u00edm, s osobitn\u00fdm zameran\u00edm na Rovnak\u00e9 zaobch\u00e1dzanie na pracovisku a s\u00favisiace t\u00e9my. M\u00f4\u017eete si pre\u010d\u00edta\u0165 ofici\u00e1lnu spr\u00e1vu <a href=\"https:\/\/drive.google.com\/file\/d\/1scn0DUrbaoWa7EqPKB69h1-JLZh1Gk--\/view?usp=sharing\">tu<\/a>.<\/p>\n<p>Podujatie spojilo \u00fa\u010dastn\u00edkov z celej Eur\u00f3py, pri\u010dom boli k dispoz\u00edcii tlmo\u010dn\u00edci pre viacer\u00e9 jazyky vr\u00e1tane talian\u010diny, angli\u010dtiny, rumun\u010diny a ma\u010far\u010diny.<\/p>\n<p>\u201eBud\u00facnos\u0165 je na\u0161a\u201c je projekt, ktor\u00fd vznikol v roku 2019 ako sie\u0165 miestnych organiz\u00e1ci\u00ed, ktor\u00e9 sa venuj\u00fa oslav\u00e1m Svetov\u00e9ho d\u0148a Downovho syndr\u00f3mu. Postupom \u010dasu sa vyvinula na platformu pre advok\u00e1ciu a posilnenie postavenia. Projekt u\u017e hostil dve online podujatia a jedno osobn\u00e9 stretnutie v Bruseli, kde sa 75 \u00fa\u010dastn\u00edkov z r\u00f4znych kraj\u00edn E\u00da a 28 jednotlivcov s Downov\u00fdm syndr\u00f3mom stretli s poslancami, aby prediskutovali k\u013e\u00fa\u010dov\u00e9 ot\u00e1zky vr\u00e1tane zdravia.<\/p>\n<p>Toto posledn\u00e9 podujatie v s\u00e9rii sa zaoberalo kritick\u00fdm probl\u00e9mom rovnak\u00e9ho zaobch\u00e1dzania na pracovisku. V poprednom paneli re\u010dn\u00edkov patrila Chiara Gemma, poslanky\u0148a Eur\u00f3pskeho parlamentu; Maria James, plavky\u0148a a obhajky\u0148a zlatej medaily z Malty; Yasmin Ismail, mlad\u00e1 psychologi\u010dka z Rumunska; a K\u00e1roly Kisari, zakladate\u013e ma\u010farskej asoci\u00e1cie Hidden Treasures Down a nad\u00e1cie Mentor\u00e1ll\u00e1s.<\/p>\n<p>Chiara Gemma, ktor\u00e1 p\u00f4sob\u00ed vo V\u00fdbore pre zamestnanos\u0165 a soci\u00e1lne veci a medziskupine pre osoby so zdravotn\u00fdm postihnut\u00edm v Eur\u00f3pskom parlamente, sa k publiku prihovorila prostredn\u00edctvom vopred nato\u010den\u00e9ho videa kv\u00f4li svojim cestovate\u013esk\u00fdm povinnostiam na posledn\u00fa chv\u00ed\u013eu. Zd\u00f4raznila d\u00f4le\u017eitos\u0165 sebaobhajovania a potrebu posilni\u0165 hlas \u013eud\u00ed s ment\u00e1lnym postihnut\u00edm na politickej sc\u00e9ne.<\/p>\n<p>Maria James, v\u00e1\u0161niv\u00e1 obhajky\u0148a a zlat\u00e1 medailistka v pl\u00e1van\u00ed, sa podelila o svoju in\u0161pirat\u00edvnu cestu a diskutovala o svojej pr\u00e1ci presadzuj\u00facej rovnak\u00e9 zaobch\u00e1dzanie na pracovisku s \u013eu\u010fmi s Downov\u00fdm syndr\u00f3mom. Yasmin Ismail, mlad\u0161ia psychologi\u010dka, pon\u00fakla cenn\u00e9 poznatky o svojej kari\u00e9re a v\u00fdzvach, ktor\u00e9 prekonala, a povzbudila ostatn\u00fdch, aby si plnili svoje sny. K\u00e1roly Kisari, priekopn\u00edk v tejto oblasti, diskutoval o poslan\u00ed svojich organiz\u00e1ci\u00ed v Ma\u010farsku so zameran\u00edm na integr\u00e1ciu jednotlivcov so zdravotn\u00fdm postihnut\u00edm do spolo\u010dnosti a na otvoren\u00fd trh pr\u00e1ce.<\/p>\n<p>Po\u010das cel\u00e9ho podujatia mali div\u00e1ci mo\u017enos\u0165 kl\u00e1s\u0165 predn\u00e1\u0161aj\u00facim ot\u00e1zky, \u010d\u00edm sa podporili interakt\u00edvne diskusie a zlep\u0161ilo sa porozumenie.<\/p>\n<p>Sie\u0165 E\u00da pre triz\u00f3miu 21 je odhodlan\u00e1 pokra\u010dova\u0165 vo svojom \u00fasil\u00ed o presadzovanie a posilnenie postavenia. Po\u017eiadala o \u010fal\u0161\u00ed projekt E\u00da, ktor\u00e9ho cie\u013eom je umo\u017eni\u0165 sebaobhajcom efekt\u00edvne komunikova\u0165 s m\u00e9diami, politikmi a verejnos\u0165ou, podporova\u0165 vidite\u013enos\u0165 a auton\u00f3miu.<\/p>\n<p>\u00daspech projektu \u201eBud\u00facnos\u0165 je na\u0161a\u201c 6. j\u00fala potvrdzuje z\u00e1v\u00e4zok E\u00da pre sie\u0165 Trisomy 21 vytvori\u0165 inkluz\u00edvnej\u0161iu a spravodlivej\u0161iu spolo\u010dnos\u0165 pre jednotlivcov s ment\u00e1lnym postihnut\u00edm v celej Eur\u00f3pe.<\/p>","protected":false},"excerpt":{"rendered":"<p>&#8220;The Future is Ours&#8221; Project: Empowering Change and Inclusion 7.th July 2023\u2014 The EU for Trisomy 21 Network is delighted&hellip;<\/p>","protected":false},"author":3,"featured_media":0,"comment_status":"closed","ping_status":"closed","sticky":false,"template":"","format":"standard","meta":{"_acf_changed":false,"footnotes":""},"categories":[45],"tags":[],"class_list":["post-33632","post","type-post","status-publish","format-standard","hentry","category-21-march-21"],"acf":[],"_links":{"self":[{"href":"https:\/\/eufortrisomy21.eu\/sk\/wp-json\/wp\/v2\/posts\/33632"}],"collection":[{"href":"https:\/\/eufortrisomy21.eu\/sk\/wp-json\/wp\/v2\/posts"}],"about":[{"href":"https:\/\/eufortrisomy21.eu\/sk\/wp-json\/wp\/v2\/types\/post"}],"author":[{"embeddable":true,"href":"https:\/\/eufortrisomy21.eu\/sk\/wp-json\/wp\/v2\/users\/3"}],"replies":[{"embeddable":true,"href":"https:\/\/eufortrisomy21.eu\/sk\/wp-json\/wp\/v2\/comments?post=33632"}],"version-history":[{"count":3,"href":"https:\/\/eufortrisomy21.eu\/sk\/wp-json\/wp\/v2\/posts\/33632\/revisions"}],"predecessor-version":[{"id":33635,"href":"https:\/\/eufortrisomy21.eu\/sk\/wp-json\/wp\/v2\/posts\/33632\/revisions\/33635"}],"wp:attachment":[{"href":"https:\/\/eufortrisomy21.eu\/sk\/wp-json\/wp\/v2\/media?parent=33632"}],"wp:term":[{"taxonomy":"category","embeddable":true,"href":"https:\/\/eufortrisomy21.eu\/sk\/wp-json\/wp\/v2\/categories?post=33632"},{"taxonomy":"post_tag","embeddable":true,"href":"https:\/\/eufortrisomy21.eu\/sk\/wp-json\/wp\/v2\/tags?post=33632"}],"curies":[{"name":"wp","href":"https:\/\/api.w.org\/{rel}","templated":true}]}}