{"id":31969,"date":"2021-03-16T15:35:04","date_gmt":"2021-03-16T14:35:04","guid":{"rendered":"https:\/\/eufortrisomy21.eu\/?p=31969"},"modified":"2021-03-16T15:48:59","modified_gmt":"2021-03-16T14:48:59","slug":"trisomy-21-what-europe-can-do-program","status":"publish","type":"post","link":"https:\/\/eufortrisomy21.eu\/sl\/trisomy-21-what-europe-can-do-program\/","title":{"rendered":"Trisomija 21: Kaj lahko stori Evropa? - Program"},"content":{"rendered":"<h1>Trisomija 21: Kaj lahko stori Evropa?<\/h1>\n<p>Vidnost, vklju\u010denost, avtonomija: bistvena vpra\u0161anja za ljudi s trisomijo 21<\/p>\n<p>&nbsp;<\/p>\n<p><img loading=\"lazy\" decoding=\"async\" class=\"size-medium wp-image-31642 alignleft\" src=\"https:\/\/eufortrisomy21.eu\/wp-content\/uploads\/2021\/03\/Trisomy-21-What-can-Europe-do-253x300.jpg\" alt=\"\" width=\"253\" height=\"300\" srcset=\"https:\/\/eufortrisomy21.eu\/wp-content\/uploads\/2021\/03\/Trisomy-21-What-can-Europe-do-253x300.jpg 253w, https:\/\/eufortrisomy21.eu\/wp-content\/uploads\/2021\/03\/Trisomy-21-What-can-Europe-do-10x12.jpg 10w, https:\/\/eufortrisomy21.eu\/wp-content\/uploads\/2021\/03\/Trisomy-21-What-can-Europe-do.jpg 708w\" sizes=\"(max-width: 253px) 100vw, 253px\" \/>Datum: \u010detrtek 18<sup>th<\/sup> marec 2021 \u2013 14.00<\/p>\n<p>Kraj: Spletna konferenca<\/p>\n<p>Registracija na <a href=\"mailto:Contact@eufortrisomy21.eu\">Contact@eufortrisomy21.eu<\/a><\/p>\n<p>Jezik: angle\u0161ki, \u0161panski, francoski, nem\u0161ki in nem\u0161ki jeziki, romun\u0161\u010dina<\/p>\n<p>&nbsp;<\/p>\n<h2><\/h2>\n<h2><\/h2>\n<hr \/>\n<h2>Osnutek programa:<\/h2>\n<h3><u>Star\u0161i in samozagovorniki:<\/u><\/h3>\n<p>14.00 Uvod \u2013 Clotilde No\u00ebl (Francija, Tomb\u00e9e du Nid), Rodrigo Escobar (\u0160panija) in Sofia Carnevali (Italija)<\/p>\n<p>14.10 \u2013 Sanna Karosas (Litva, Saulytes)<\/p>\n<p>14.15 \u2013 Natalie Dedreux, samozagovornica (Nem\u010dija)<\/p>\n<p>14.20 \u2013 Mareike Fuisz (Nem\u010dija)<\/p>\n<p>14.25 \u2013 Liana Maria Vislan (Romunija, Asociatia Langdon Down Oltenia)<\/p>\n<h3><u>Poslanci Evropskega parlamenta:<\/u><\/h3>\n<p>14.30 Fran\u00e7ois-Xavier Bellamy; Francija, skupina Evropske ljudske stranke<\/p>\n<p>14.40 Katrin Langensiepen; Nem\u010dija, skupina Zelenih<\/p>\n<p>14.50 Patryk Jaki; Poljska, skupina Evropskih konzervativcev in reformistov<\/p>\n<p>15.00 Estrella Dur\u00e1 Ferrandis; \u0160panija, Skupina naprednega zavezni\u0161tva socialistov in demokratov<\/p>\n<p>15.10 Radka Maxov\u00e1; \u010ce\u0161ka, Renew Europe Group<\/p>\n<p>&nbsp;<\/p>\n<p>15.20 Vpra\u0161anja in odgovori<\/p>\n<p>15.30 Konec spletne konference<\/p>","protected":false},"excerpt":{"rendered":"<p>Trisomy 21\u00a0: What Europe can do? Visibility, inclusion, autonomy: essentials issues for people with Trisomy 21 &nbsp; Date: Thursday 18th&hellip;<\/p>","protected":false},"author":3,"featured_media":0,"comment_status":"closed","ping_status":"closed","sticky":false,"template":"","format":"standard","meta":{"_acf_changed":false,"footnotes":""},"categories":[45],"tags":[],"class_list":["post-31969","post","type-post","status-publish","format-standard","hentry","category-21-march-21"],"acf":[],"_links":{"self":[{"href":"https:\/\/eufortrisomy21.eu\/sl\/wp-json\/wp\/v2\/posts\/31969"}],"collection":[{"href":"https:\/\/eufortrisomy21.eu\/sl\/wp-json\/wp\/v2\/posts"}],"about":[{"href":"https:\/\/eufortrisomy21.eu\/sl\/wp-json\/wp\/v2\/types\/post"}],"author":[{"embeddable":true,"href":"https:\/\/eufortrisomy21.eu\/sl\/wp-json\/wp\/v2\/users\/3"}],"replies":[{"embeddable":true,"href":"https:\/\/eufortrisomy21.eu\/sl\/wp-json\/wp\/v2\/comments?post=31969"}],"version-history":[{"count":0,"href":"https:\/\/eufortrisomy21.eu\/sl\/wp-json\/wp\/v2\/posts\/31969\/revisions"}],"wp:attachment":[{"href":"https:\/\/eufortrisomy21.eu\/sl\/wp-json\/wp\/v2\/media?parent=31969"}],"wp:term":[{"taxonomy":"category","embeddable":true,"href":"https:\/\/eufortrisomy21.eu\/sl\/wp-json\/wp\/v2\/categories?post=31969"},{"taxonomy":"post_tag","embeddable":true,"href":"https:\/\/eufortrisomy21.eu\/sl\/wp-json\/wp\/v2\/tags?post=31969"}],"curies":[{"name":"wp","href":"https:\/\/api.w.org\/{rel}","templated":true}]}}