{"id":32350,"date":"2021-06-24T17:12:45","date_gmt":"2021-06-24T15:12:45","guid":{"rendered":"https:\/\/eufortrisomy21.eu\/?p=32350"},"modified":"2022-07-22T10:28:28","modified_gmt":"2022-07-22T08:28:28","slug":"online-conference-improving-the-visibility-of-people-with-down-syndrome-an-emergency-for-europe","status":"publish","type":"post","link":"https:\/\/eufortrisomy21.eu\/sl\/online-conference-improving-the-visibility-of-people-with-down-syndrome-an-emergency-for-europe\/","title":{"rendered":"Spletna konferenca - 8. julija 2021 - Izbolj\u0161anje prepoznavnosti ljudi z Downovim sindromom"},"content":{"rendered":"<p style=\"text-align: right;\"><img loading=\"lazy\" decoding=\"async\" class=\"size-medium wp-image-14470 alignleft\" src=\"https:\/\/eufortrisomy21.eu\/wp-content\/uploads\/2020\/02\/Banniere7-300x120.jpg\" alt=\"\" width=\"300\" height=\"120\" srcset=\"https:\/\/eufortrisomy21.eu\/wp-content\/uploads\/2020\/02\/Banniere7-300x120.jpg 300w, https:\/\/eufortrisomy21.eu\/wp-content\/uploads\/2020\/02\/Banniere7-1024x410.jpg 1024w, https:\/\/eufortrisomy21.eu\/wp-content\/uploads\/2020\/02\/Banniere7-768x307.jpg 768w, https:\/\/eufortrisomy21.eu\/wp-content\/uploads\/2020\/02\/Banniere7-1536x614.jpg 1536w, https:\/\/eufortrisomy21.eu\/wp-content\/uploads\/2020\/02\/Banniere7.jpg 2000w\" sizes=\"(max-width: 300px) 100vw, 300px\" \/><\/p>\n<p>&nbsp;<\/p>\n<p>&nbsp;<\/p>\n<p>&nbsp;<\/p>\n<p>&nbsp;<\/p>\n<h2 style=\"text-align: center;\">Izbolj\u0161anje prepoznavnosti ljudi z Downovim sindromom: nujnost za Evropo. Zakaj? kako<\/h2>\n<p>Izbolj\u0161anje prepoznavnosti ljudi z downovim sindromom v Evropi bi moralo biti glavna razprava v <a href=\"https:\/\/futureu.europa.eu\/\" target=\"_blank\" rel=\"noopener\">dr\u017eavljansko posvetovanje za prihodnost Evrope<\/a>.<\/p>\n<p><strong><a href=\"https:\/\/docs.google.com\/forms\/d\/e\/1FAIpQLSfcweCVPOG7YO_JwvF9NAbhpVdDDrUbxl59EM7JJ17kPaB95Q\/viewform\" target=\"_blank\" rel=\"noopener\">Registrirajte se tukaj<\/a> <\/strong>za sodelovanje na spletni konferenci EUfortrisomy21 o <strong>8. julij ob 18. uri (po bruseljskem \u010dasu)<\/strong> in prispevati k spletnim razpravam dr\u017eavljanskega posvetovanja o &quot;Prihodnosti Evrope&quot;, da bi izbolj\u0161ali prepoznavnost ljudi z Downovim sindromom.<\/p>\n<p><strong>Jeziki:<\/strong> Angle\u0161\u010dina, \u0161pan\u0161\u010dina, franco\u0161\u010dina, nem\u0161\u010dina, lahka nem\u0161\u010dina, \u010de\u0161\u010dina in italijan\u0161\u010dina<\/p>\n<p>&nbsp;<\/p>\n<h2><u>Program:<\/u><\/h2>\n<p><strong>Uvod: <\/strong>Brando Benifei (poslanec Evropskega parlamenta \u2013 Italija) g.<\/p>\n<p><strong>1. del: Kontroverzni primeri diskriminacije v Evropi\u00a0<\/strong><\/p>\n<ul>\n<li>Draga bodo\u010da mamica \u2013 Riccardo Bianchi \u2013 Coordown (IT)<\/li>\n<li>Draga bodo\u010da mamica (cenzura in primer pred ES\u010cP) \u2013 Lucie Pacherie \u2013 Fundation J\u00e9r\u00f4me Lejeune (FR)<\/li>\n<li>Primer Arcadi Spada (SP) in primer Richarda Dawkinsa \u2013 Raquel del Barrio (referen\u010dni star\u0161 EU za trisomijo 21 v \u0160paniji)<\/li>\n<\/ul>\n<p><strong>2. del: Zakaj ta govor o diskriminaciji \u0161e vedno obstaja v Evropi?<\/strong><\/p>\n<ul>\n<li>Filozof: Danielle Moyse (FR)<\/li>\n<li>Tina Sander (ustanoviteljica zdru\u017eenja) : kampanja #NoNIPT v Nem\u010diji (GE)<\/li>\n<li>Samozagovornica : Natalie Dedreux \u2013 blogerka in novinarka (GE)<\/li>\n<\/ul>\n<p><strong>3. del: Kako ravnati za spodbujanje dostojanstva in prednost prepoznavnosti oseb s trisomijo 21?<\/strong><\/p>\n<ul>\n<li>Samozagovornica : Caterina Moretti (SP)<\/li>\n<li>Videoposnetek gospe Dubravke Suica, \u010dlanice Evropske komisije, ki predseduje konferenci za prihodnost Evrope<\/li>\n<\/ul>\n<p><strong>Vpra\u0161anja in odgovori<\/strong><\/p>\n<p><strong>Zaklju\u010dek: <\/strong>Radka Maxova (poslanka Evropskega parlamenta \u2013 \u010ce\u0161ka) ga.<\/p>\n<p id=\"tw-target-text\" class=\"tw-data-text tw-text-large XcVN5d tw-ta\" data-placeholder=\"Traduction\">Na voljo so posnetki ponovitve na\u0161e spletne konference <a href=\"https:\/\/www.youtube.com\/channel\/UCFbORaGOrc9HBNBSK7DG-nQ?app=desktop&amp;pli=1\" target=\"_blank\" rel=\"noopener\">na na\u0161em kanalu YouTube<\/a>.<\/p>\n<p style=\"text-align: center;\"><span class=\"fontstyle0\">EUfortrisomy21 <\/span><span class=\"fontstyle2\">je skupnost star\u0161ev otrok z Downovim sindromom,<br \/>\nzdru\u017eeni za uveljavljanje pravic ljudi z Downovim sindromom na 4 prednostnih podro\u010djih:<br \/>\nvidnost, nediskriminacija, zdravje, avtonomija<\/span><\/p>\n<p style=\"text-align: center;\"><strong>Kontakt<\/strong> : contact@eufortrisomy21.eu<\/p>\n<p style=\"text-align: right;\">","protected":false},"excerpt":{"rendered":"<p>Improving the visibility of people with Down syndrome in Europe should be a major debate in the citizen\u2019s consultation for&hellip;<\/p>","protected":false},"author":3,"featured_media":0,"comment_status":"closed","ping_status":"closed","sticky":false,"template":"","format":"standard","meta":{"_acf_changed":false,"footnotes":""},"categories":[45],"tags":[],"class_list":["post-32350","post","type-post","status-publish","format-standard","hentry","category-21-march-21"],"acf":[],"_links":{"self":[{"href":"https:\/\/eufortrisomy21.eu\/sl\/wp-json\/wp\/v2\/posts\/32350"}],"collection":[{"href":"https:\/\/eufortrisomy21.eu\/sl\/wp-json\/wp\/v2\/posts"}],"about":[{"href":"https:\/\/eufortrisomy21.eu\/sl\/wp-json\/wp\/v2\/types\/post"}],"author":[{"embeddable":true,"href":"https:\/\/eufortrisomy21.eu\/sl\/wp-json\/wp\/v2\/users\/3"}],"replies":[{"embeddable":true,"href":"https:\/\/eufortrisomy21.eu\/sl\/wp-json\/wp\/v2\/comments?post=32350"}],"version-history":[{"count":0,"href":"https:\/\/eufortrisomy21.eu\/sl\/wp-json\/wp\/v2\/posts\/32350\/revisions"}],"wp:attachment":[{"href":"https:\/\/eufortrisomy21.eu\/sl\/wp-json\/wp\/v2\/media?parent=32350"}],"wp:term":[{"taxonomy":"category","embeddable":true,"href":"https:\/\/eufortrisomy21.eu\/sl\/wp-json\/wp\/v2\/categories?post=32350"},{"taxonomy":"post_tag","embeddable":true,"href":"https:\/\/eufortrisomy21.eu\/sl\/wp-json\/wp\/v2\/tags?post=32350"}],"curies":[{"name":"wp","href":"https:\/\/api.w.org\/{rel}","templated":true}]}}