{"id":33030,"date":"2022-02-26T10:06:54","date_gmt":"2022-02-26T09:06:54","guid":{"rendered":"https:\/\/eufortrisomy21.eu\/?p=33030"},"modified":"2022-09-28T15:16:19","modified_gmt":"2022-09-28T13:16:19","slug":"eu-for-trisomy-21-statement-on-ukraine-conflict","status":"publish","type":"post","link":"https:\/\/eufortrisomy21.eu\/sl\/eu-for-trisomy-21-statement-on-ukraine-conflict\/","title":{"rendered":"Izjava EU za trisomijo 21 o konfliktu v Ukrajini"},"content":{"rendered":"<p><strong><img loading=\"lazy\" decoding=\"async\" class=\"wp-image-33031 alignleft\" src=\"https:\/\/eufortrisomy21.eu\/wp-content\/uploads\/2022\/03\/Untitled-design-5-300x169.png\" alt=\"\" width=\"303\" height=\"171\" srcset=\"https:\/\/eufortrisomy21.eu\/wp-content\/uploads\/2022\/03\/Untitled-design-5-300x169.png 300w, https:\/\/eufortrisomy21.eu\/wp-content\/uploads\/2022\/03\/Untitled-design-5-1024x577.png 1024w, https:\/\/eufortrisomy21.eu\/wp-content\/uploads\/2022\/03\/Untitled-design-5-768x433.png 768w, https:\/\/eufortrisomy21.eu\/wp-content\/uploads\/2022\/03\/Untitled-design-5-1536x865.png 1536w, https:\/\/eufortrisomy21.eu\/wp-content\/uploads\/2022\/03\/Untitled-design-5-18x10.png 18w, https:\/\/eufortrisomy21.eu\/wp-content\/uploads\/2022\/03\/Untitled-design-5.png 1640w\" sizes=\"(max-width: 303px) 100vw, 303px\" \/>Bruselj, <\/strong>26.februar 2022 \u2013 <span style=\"font-weight: 400;\">EU za trisomijo 21 je solidarna z ljudmi v Ukrajini, z \u017ealostjo, \u017ealostjo in uni\u010denjem vsake \u017ertve tega konflikta. V kateri koli humanitarni krizi in oboro\u017eenih spopadih se ljudje s trisomijo 21 ali drugimi invalidnostmi soo\u010dajo z ve\u010djim tveganjem nasilja, da bodo ostali na begu, da bodo umrli. Po poro\u010dilu organizacije Disability Rights International iz leta 2015 \u00bbNo Way Home\u00ab je v Ukrajini registriranih ve\u010d kot 2,7 milijona invalidov in ve\u010d kot 82 tiso\u010d otrok \u017eivi v institucijah, lo\u010denih od dru\u017ebe. Mnogi med njimi so otroci s trisomijo 21.<\/span><\/p>\n<p><span style=\"font-weight: 400;\">Opusto\u0161enje \u0161tevilnih ve\u010djih mest in kaos, ki izhaja iz tega nesmiselnega konflikta, bosta takoj vplivala na upravljanje in oskrbo v teh ustanovah, pri \u010demer se \u0161irijo govorice, da so nekatere od njih \u017ee zapu\u0161\u010dene.\u00a0<\/span><\/p>\n<p><span style=\"font-weight: 400;\">Evropsko skupnost in vse dr\u017eave, ki so predane miru, solidarnosti in spo\u0161tovanju mednarodnega prava, pozivamo, naj izka\u017eejo solidarnost z ukrajinskim ljudstvom in uporabijo vsa sredstva, ki so jim na voljo, da hitro kon\u010dajo to agresijo in ponovno vzpostavijo mir.<\/span><\/p>\n<p><span style=\"font-weight: 400;\">Pridru\u017eujemo se prizadevanjem podobno misle\u010dih organizacij, kot so EDSA, Evropski invalidski forum in Down Syndrome International v njihovem odprtem pismu vodji evropskih institucij, evropskim, ruskim in ukrajinskim voditeljem dr\u017eav ter Natu z dne 24. februarja 2022, ki je lahko <\/span><a href=\"https:\/\/www.edf-feph.org\/protection-and-safety-of-persons-with-disabilities-in-ukraine\/#:~:text=There%20are%202.7%20million%20persons,persons%20with%20disabilities%20is%20appalling.\"><span style=\"font-weight: 400;\">preberite v celoti tukaj.<\/span><\/a><\/p>\n<p><span style=\"font-weight: 400;\">Posebej \u017eelimo poudariti zahteve do politi\u010dnega vodstva in vseh humanitarnih akterjev, ki se ukvarjajo s to krizo, da zagotovijo, da osebe s trisomijo 21 in invalidi:<\/span><\/p>\n<ul>\n<li style=\"font-weight: 400;\" aria-level=\"1\"><span style=\"font-weight: 400;\">imeti popoln dostop do vse humanitarne pomo\u010di;<\/span><\/li>\n<li style=\"font-weight: 400;\" aria-level=\"1\"><span style=\"font-weight: 400;\">so za\u0161\u010diteni pred nasiljem, zlorabo in slabim ravnanjem;<\/span><\/li>\n<li style=\"font-weight: 400;\" aria-level=\"1\"><span style=\"font-weight: 400;\">imajo dostopne informacije o varnosti in protokolih pomo\u010di, postopkih evakuacije in podpori;<\/span><\/li>\n<li style=\"font-weight: 400;\" aria-level=\"1\"><span style=\"font-weight: 400;\">imajo popoln dostop do osnovnih storitev, vklju\u010dno z vodo in sanitarijami, hrano, socialno podporo, izobra\u017eevanjem, zdravstvenim varstvom, prevozom in informacijami;<\/span><\/li>\n<li style=\"font-weight: 400;\" aria-level=\"1\"><span style=\"font-weight: 400;\">so evidentirani in niso zapu\u0161\u010deni;<\/span><\/li>\n<li style=\"font-weight: 400;\" aria-level=\"1\"><span style=\"font-weight: 400;\">niso zapu\u0161\u010deni v zavodih, niso prisiljeni ostati v zavodih ali niso preseljeni v zavode zaradi svoje invalidnosti in<\/span><\/li>\n<li style=\"font-weight: 400;\" aria-level=\"1\"><span style=\"font-weight: 400;\">so smiselno vklju\u010deni v vsevklju\u010dujo\u010do humanitarno akcijo preko svojih predstavni\u0161kih organizacij.<\/span><\/li>\n<\/ul>\n<p><span style=\"font-weight: 400;\">Poleg oseb s trisomijo 21 je treba posebno pozornost nameniti tistim, ki so najbolj ogro\u017eeni \u2013 vklju\u010dno (vendar ne omejeno na) osebe z motnjami v du\u0161evnem razvoju, \u017eenske, starej\u0161e osebe, otroci, slepe in gluhoslepe osebe, osebe s psihosocialnimi motnjami, osebe z velikimi potrebami po podpori in osebe, ki so bile notranje razseljene pred nedavnimi incidenti.<\/span><\/p>","protected":false},"excerpt":{"rendered":"<p>Brussels, 26.February 2022 &#8211; EU for Trisomy 21 stands in solidarity with the people of Ukraine, with the grief, sadness,&hellip;<\/p>","protected":false},"author":3,"featured_media":0,"comment_status":"closed","ping_status":"closed","sticky":false,"template":"","format":"standard","meta":{"_acf_changed":false,"footnotes":""},"categories":[45],"tags":[],"class_list":["post-33030","post","type-post","status-publish","format-standard","hentry","category-21-march-21"],"acf":[],"_links":{"self":[{"href":"https:\/\/eufortrisomy21.eu\/sl\/wp-json\/wp\/v2\/posts\/33030"}],"collection":[{"href":"https:\/\/eufortrisomy21.eu\/sl\/wp-json\/wp\/v2\/posts"}],"about":[{"href":"https:\/\/eufortrisomy21.eu\/sl\/wp-json\/wp\/v2\/types\/post"}],"author":[{"embeddable":true,"href":"https:\/\/eufortrisomy21.eu\/sl\/wp-json\/wp\/v2\/users\/3"}],"replies":[{"embeddable":true,"href":"https:\/\/eufortrisomy21.eu\/sl\/wp-json\/wp\/v2\/comments?post=33030"}],"version-history":[{"count":0,"href":"https:\/\/eufortrisomy21.eu\/sl\/wp-json\/wp\/v2\/posts\/33030\/revisions"}],"wp:attachment":[{"href":"https:\/\/eufortrisomy21.eu\/sl\/wp-json\/wp\/v2\/media?parent=33030"}],"wp:term":[{"taxonomy":"category","embeddable":true,"href":"https:\/\/eufortrisomy21.eu\/sl\/wp-json\/wp\/v2\/categories?post=33030"},{"taxonomy":"post_tag","embeddable":true,"href":"https:\/\/eufortrisomy21.eu\/sl\/wp-json\/wp\/v2\/tags?post=33030"}],"curies":[{"name":"wp","href":"https:\/\/api.w.org\/{rel}","templated":true}]}}