{"id":33345,"date":"2022-12-07T18:00:43","date_gmt":"2022-12-07T17:00:43","guid":{"rendered":"https:\/\/eufortrisomy21.eu\/?p=33345"},"modified":"2024-02-20T17:22:44","modified_gmt":"2024-02-20T16:22:44","slug":"the-future-is-ours-time-for-more-autonomy","status":"publish","type":"post","link":"https:\/\/eufortrisomy21.eu\/sl\/the-future-is-ours-time-for-more-autonomy\/","title":{"rendered":"Prihodnost je na\u0161a \u2013 \u010das za ve\u010d avtonomije"},"content":{"rendered":"<p>YouTube povezava: <a href=\"https:\/\/www.youtube.com\/watch?v=j2QFE6f5QPY\">mad\u017ear\u0161\u010dina (mad\u017ear\u0161\u010dina)<\/a>, <a href=\"https:\/\/www.youtube.com\/watch?v=y754i2Gk5jk\">Rom\u00e2n (romun\u0161\u010dina)<\/a>, <a href=\"https:\/\/www.youtube.com\/watch?v=imPvo3tS7l8\">Fran\u00e7ais (franco\u0161\u010dina)<\/a>, <a href=\"https:\/\/www.youtube.com\/watch?v=ZjAbSg9kFG0\">Deutsch (nem\u0161\u010dina)<\/a>, <a href=\"https:\/\/www.youtube.com\/watch?v=-KLPE1gQVC4\">polj\u0161\u010dina (Polski)<\/a>, <a href=\"https:\/\/www.youtube.com\/watch?v=MgHYTZBAlyE\">\u03b5\u03bb\u03bb\u03b7\u03bd\u03b9\u03ba\u03ac (gr\u0161ko)<\/a><\/p>\n<p>Ogledate si lahko na\u0161e uradno poro\u010dilo <a href=\"https:\/\/drive.google.com\/file\/d\/1yMfOOM1MKX2PptIr70ZjFIDLy8B5rYdU\/view?usp=sharing\">tukaj<\/a>.<\/p>\n<p>dne 7<sup>th<\/sup> decembra 2022 je EU za trisomijo 21 gostila prvi dogodek na\u0161ega projekta The Future is Ours, ki ga sponzorira EU z naslovom \u00bbTime for more AUTONOMY\u00ab.<\/p>\n<p><span style=\"font-weight: 400;\">Septembra 2022 je mre\u017ea EU za trisomijo 21 prejela denarno podporo prek programa nepovratnih sredstev EU CERV, s \u010dimer se je za\u010del projekt z naslovom The Future is Ours. Ta projekt vklju\u010duje 3 spletne dogodke in \u0161e en osebni dogodek maja 2023 v Bruslju. Vsak dogodek se bo osredoto\u010dil na enega od \u0161tirih ciljev mre\u017ee EU za trisomijo 21:<\/span><\/p>\n<p><span style=\"font-weight: 400;\">\u2013 Avtonomija, Kaj za ljudi z downovim sindromom pomeni biti neodvisen in sprejemati odlo\u010ditve\u00a0<\/span><\/p>\n<p><span style=\"font-weight: 400;\">\u2013 Prepoznavnost, Kaj za ljudi z Downovim sindromom pomeni biti viden in sli\u0161an\u00a0<\/span><\/p>\n<p><span style=\"font-weight: 400;\">\u2013 Zdravje, Pomen dobrih zdravnikov in zdravstvene podpore\u00a0<\/span><\/p>\n<p><span style=\"font-weight: 400;\">\u2013 Enako obravnavanje, kaj za ljudi z Downovim sindromom pomeni spo\u0161tovanje<\/span><\/p>\n<p>Prvi dogodek tega projekta \u201c\u010cas za ve\u010d AVTONOMIJE\u201d je potekal na spletu kot del mre\u017enega praznovanja mednarodnega dneva pravic invalidov 3.<sup>rd<\/sup> december 2022.<\/p>\n<p>\u201c\u010cas za ve\u010d AVTONOMIJE\u201d je predstavil 5 govorcev samozagovornikov iz 5 razli\u010dnih dr\u017eav, ki so govorili o pomembnosti avtonomnega \u017eivljenja. Preveden je bil v 9 jezikov (angle\u0161\u010dina, mad\u017ear\u0161\u010dina, romun\u0161\u010dina, franco\u0161\u010dina, nem\u0161\u010dina, polj\u0161\u010dina, gr\u0161\u010dina in \u0161pan\u0161\u010dina) in imel je ve\u010d kot 400 udele\u017eencev iz 22 dr\u017eav (16 dr\u017eav EU).<\/p>\n<p><span style=\"font-weight: 400;\"><span style=\"font-weight: 400;\">Prvi govornik na prireditvi je bil<strong> Soufiane El Amrani<\/strong>, an<\/span><\/span> lahko berljiv in zagovorni\u0161ki strokovnjak, ki dela v organizaciji Inclusion Europe od leta 2008. V okviru tega dela je izvedel \u0161tevilna usposabljanja o dostopnosti informacij in o tem, kako se posvetovati z osebami z motnjami v du\u0161evnem razvoju pri odlo\u010ditvah, ki jih zadevajo. Je tudi del Evropske platforme samozagovornikov in ekipe Empower Us. Od novembra 2020 je Soufiane predstavnica samozagovornikov za Evropo pri Svetu Inclusion International.<\/p>\n<p>Med dogodkom \u201c\u010cas za ve\u010d AVTONOMIJE\u201d je govoril o avtonomiji invalidov v EU, pri \u010demer se je osredoto\u010dil na prihajajo\u010do spremembo volilne zakonodaje, ki ljudem z motnjami v du\u0161evnem razvoju, vklju\u010dno z osebami z Downovim sindromom, omogo\u010da glasovanje na prihajajo\u010dih volitvah Evropskega parlamenta. volitve leta 2024. Pove\u010dal je zavest o dejstvu, da je sprememba volilne zakonodaje dober korak, vendar mora EU izbolj\u0161ati njihovo komunikacijo, da bo resni\u010dno dostopna tej novi skupini volivcev.<\/p>\n<p>Panel \u00bbMoje avtonomno \u017eivljenje\u00ab je vklju\u010deval \u0161tiri govorce Samozagovornika iz vse Evrope:<\/p>\n<ul>\n<li>\n<p class=\"_04xlpA direction-ltr align-start para-style-body\"><span class=\"JsGRdQ\"><strong>Fanny Neumayer<\/strong>, 27 let, \u017eivi na Dunaju, <strong>Avstrija<\/strong>. <\/span><span class=\"JsGRdQ\">Gospa Neumayer dela v glavni pisarni Evangelische Gymnasium (srednja \u0161ola) v 11. okro\u017eju na Dunaju. <\/span><span class=\"JsGRdQ\">Spregovorila je o svojih izku\u0161njah z glasovanjem v Avstriji.<\/span><\/p>\n<\/li>\n<li>\n<p class=\"_04xlpA direction-ltr align-start para-style-body\"><span class=\"JsGRdQ\"><strong>Fiona Lambart<\/strong>, star 24 let in \u017eivi v Darmstadtu blizu Frankfurta, <strong>Nem\u010dija<\/strong>. <\/span><span class=\"JsGRdQ\">Gospa Lambart dela kot strokovnjakinja za gospodinjstvo.<\/span><span class=\"JsGRdQ\">\u00a0Govorila je o svojem delu in kako si prizadeva za avtonomno \u017eivljenje.<\/span><\/p>\n<\/li>\n<li>\n<p class=\"_04xlpA direction-ltr align-start para-style-body\"><span class=\"JsGRdQ\"><strong>Frantzeska\u2013Christina Douka<\/strong>, 37-letnik, ki \u017eivi v Solunu, <strong>Gr\u010dija<\/strong>. Gospa Douka je upravi\u010denka Gr\u0161kega zdru\u017eenja za Downov sindrom in \u017eivi sama v stanovanju za vzdr\u017eevano stanovanje. <\/span><span class=\"JsGRdQ\">Rada ple\u0161e in je \u0161portnica ritmi\u010dne gimnastike. Ve\u010dkrat je tekmovala pri organizaciji specialne olimpijade, osvojila je medalje in potovala po \u0161tevilnih dr\u017eavah v Evropi in zunaj nje.<\/span><\/p>\n<\/li>\n<li>\n<p class=\"_04xlpA direction-ltr align-start para-style-body\"><span class=\"JsGRdQ\"><strong>Jean Phillipe Barone<\/strong>, 44-letnik, ki \u017eivi v Marseillu, <strong>Francija<\/strong>. \u017divi v svojem stanovanju v naselju in dela v prilagojeni restavraciji. S komunikacijskimi orodji se dobro znajde in redno predstavlja zdru\u017eenje #Tcap21 v vseh medijih. Zdaj se usposablja, da se pridru\u017ei na\u0161i odprti kavarni #Train Inc. in nato dose\u017ee popolno avtonomijo.<\/span><\/p>\n<\/li>\n<\/ul>\n<p>Po panelu so udele\u017eenci lahko postavljali vpra\u0161anja na\u0161im govorcem. Knji\u017eica s citati iz njunih govorov in power point Soufiane <span style=\"font-weight: 400;\">El Amrani je bil na voljo vsem udele\u017eencem. To je mogo\u010de prenesti v angle\u0161\u010dini <a href=\"https:\/\/drive.google.com\/file\/d\/1SVsLWWYytRREpmbalTXhit8NbVKCsVkB\/view?usp=share_link\">tukaj<\/a>.<\/span><\/p>\n<p>Med organizacijo tega dogodka ter razpravo med samim dogodkom in po njem EU za trisomijo 21 sestavlja seznam priporo\u010dil, ki jih mora EU upo\u0161tevati pri prizadevanjih za to, da bodo volitve v Evropski parlament leta 2024 resni\u010dno dostopne ljudem z Downom. Sindrom v vseh dr\u017eavah EU. Ta dokument bo predan Komisiji in Evropskemu parlamentu na svetovni dan Downovega sindroma, 21. marca 2023.<\/p>\n<p><strong>Na\u0161 naslednji dogodek: \u010cas za ve\u010djo prepoznavnost bo 16. marca ob 18. uri.\u00a0<\/strong><\/p>","protected":false},"excerpt":{"rendered":"<p>YouTube Link: Magyar (Hungarian), Rom\u00e2n (Romanian), Fran\u00e7ais (French), Deutsch (German), Polski (Polski), \u03b5\u03bb\u03bb\u03b7\u03bd\u03b9\u03ba\u03ac (Greek) You can take a look at&hellip;<\/p>","protected":false},"author":3,"featured_media":0,"comment_status":"closed","ping_status":"closed","sticky":false,"template":"","format":"standard","meta":{"_acf_changed":false,"footnotes":""},"categories":[45],"tags":[],"class_list":["post-33345","post","type-post","status-publish","format-standard","hentry","category-21-march-21"],"acf":[],"_links":{"self":[{"href":"https:\/\/eufortrisomy21.eu\/sl\/wp-json\/wp\/v2\/posts\/33345"}],"collection":[{"href":"https:\/\/eufortrisomy21.eu\/sl\/wp-json\/wp\/v2\/posts"}],"about":[{"href":"https:\/\/eufortrisomy21.eu\/sl\/wp-json\/wp\/v2\/types\/post"}],"author":[{"embeddable":true,"href":"https:\/\/eufortrisomy21.eu\/sl\/wp-json\/wp\/v2\/users\/3"}],"replies":[{"embeddable":true,"href":"https:\/\/eufortrisomy21.eu\/sl\/wp-json\/wp\/v2\/comments?post=33345"}],"version-history":[{"count":3,"href":"https:\/\/eufortrisomy21.eu\/sl\/wp-json\/wp\/v2\/posts\/33345\/revisions"}],"predecessor-version":[{"id":33626,"href":"https:\/\/eufortrisomy21.eu\/sl\/wp-json\/wp\/v2\/posts\/33345\/revisions\/33626"}],"wp:attachment":[{"href":"https:\/\/eufortrisomy21.eu\/sl\/wp-json\/wp\/v2\/media?parent=33345"}],"wp:term":[{"taxonomy":"category","embeddable":true,"href":"https:\/\/eufortrisomy21.eu\/sl\/wp-json\/wp\/v2\/categories?post=33345"},{"taxonomy":"post_tag","embeddable":true,"href":"https:\/\/eufortrisomy21.eu\/sl\/wp-json\/wp\/v2\/tags?post=33345"}],"curies":[{"name":"wp","href":"https:\/\/api.w.org\/{rel}","templated":true}]}}