{"id":33570,"date":"2023-06-05T15:06:48","date_gmt":"2023-06-05T13:06:48","guid":{"rendered":"https:\/\/eufortrisomy21.eu\/?p=33570"},"modified":"2024-02-20T17:22:09","modified_gmt":"2024-02-20T16:22:09","slug":"time-for-more-health","status":"publish","type":"post","link":"https:\/\/eufortrisomy21.eu\/sl\/time-for-more-health\/","title":{"rendered":"\u010cas za ve\u010d zdravja"},"content":{"rendered":"<p><strong>Prihodnost je na\u0161a: odmeven uspeh v Bruslju <\/strong><\/p>\n<p><strong>Bruselj, 1. maj<\/strong><strong>2<\/strong><strong>, 2023<\/strong><\/p>\n<p>Uradno poro\u010dilo najdete <a href=\"https:\/\/drive.google.com\/file\/d\/1GWGiY_j5SqgJcWtJ3wEvT8RlmPlHY2Gg\/view?usp=sharing\">tukaj<\/a>.<\/p>\n<p><img loading=\"lazy\" decoding=\"async\" class=\"wp-image-33571 alignleft\" src=\"https:\/\/eufortrisomy21.eu\/wp-content\/uploads\/2023\/06\/IMG_2495-scaled.jpeg\" alt=\"\" width=\"460\" height=\"345\" srcset=\"https:\/\/eufortrisomy21.eu\/wp-content\/uploads\/2023\/06\/IMG_2495-scaled.jpeg 2560w, https:\/\/eufortrisomy21.eu\/wp-content\/uploads\/2023\/06\/IMG_2495-300x225.jpeg 300w, https:\/\/eufortrisomy21.eu\/wp-content\/uploads\/2023\/06\/IMG_2495-1024x768.jpeg 1024w, https:\/\/eufortrisomy21.eu\/wp-content\/uploads\/2023\/06\/IMG_2495-768x576.jpeg 768w, https:\/\/eufortrisomy21.eu\/wp-content\/uploads\/2023\/06\/IMG_2495-1536x1152.jpeg 1536w, https:\/\/eufortrisomy21.eu\/wp-content\/uploads\/2023\/06\/IMG_2495-2048x1536.jpeg 2048w, https:\/\/eufortrisomy21.eu\/wp-content\/uploads\/2023\/06\/IMG_2495-16x12.jpeg 16w\" sizes=\"(max-width: 460px) 100vw, 460px\" \/>Projekt Future is Ours je dosegel izjemen uspeh z nedavnim osebnim dogodkom #TheFutureIsOurs, ki je potekal v Bruslju od 1. do 3. maja. Dogodek je pomenil pomemben mejnik za samozagovorni\u0161tvo Downovega sindroma, saj je privabil 72 posameznikov iz 11 dr\u017eav EU, vklju\u010dno z 28 samozagovorniki z Downovim sindromom.<\/p>\n<p>Dogodek se je za\u010del s \u010dudovito ve\u010derjo 1. maja, kjer so se zbrali udele\u017eenci iz razli\u010dnih dr\u017eav in izmenjali svoje izku\u0161nje. Evropski poslanec Lukas Mandl je 2. maja pozdravil udele\u017eence v stavbi ZWEIG in izrazil podporo ciljem dogodka ter izpostavil pomen zavzemanja za pravice posameznikov z Downovim sindromom.<\/p>\n<p>Delavnice, ki so pokrivale vrsto tem, povezanih z avtonomijo prepoznavnosti, enakim obravnavanjem in dobrim po\u010dutjem oseb z downovim sindromom, so bile informativne in prakti\u010dne ter so udele\u017eencem ponudile dragoceno znanje in orodja za izbolj\u0161anje njihovega zdravja in dobrega po\u010dutja. Popoldan je panelna razprava \u010cas za ve\u010d zdravja, v kateri so sodelovali evropska poslanka Rosa Estar\u00e0s Ferragut, evropski poslanec Helmut Geuking, profesorica Mara Dierssen Sotos, zdravnica Pilar Garcia Fern\u00e1ndez, samozagovornik Jean Phillipe Barone in strokovnjakinja Mareike Fuisz, obravnavala pomembna vpra\u0161anja v zvezi z zdravjem. in dobro po\u010dutje ljudi z Downovim sindromom.<\/p>\n<p><img loading=\"lazy\" decoding=\"async\" class=\"alignright wp-image-33572\" src=\"https:\/\/eufortrisomy21.eu\/wp-content\/uploads\/2023\/06\/IMG_2575-scaled.jpeg\" alt=\"\" width=\"298\" height=\"397\" srcset=\"https:\/\/eufortrisomy21.eu\/wp-content\/uploads\/2023\/06\/IMG_2575-scaled.jpeg 1920w, https:\/\/eufortrisomy21.eu\/wp-content\/uploads\/2023\/06\/IMG_2575-225x300.jpeg 225w, https:\/\/eufortrisomy21.eu\/wp-content\/uploads\/2023\/06\/IMG_2575-768x1024.jpeg 768w, https:\/\/eufortrisomy21.eu\/wp-content\/uploads\/2023\/06\/IMG_2575-1152x1536.jpeg 1152w, https:\/\/eufortrisomy21.eu\/wp-content\/uploads\/2023\/06\/IMG_2575-1536x2048.jpeg 1536w, https:\/\/eufortrisomy21.eu\/wp-content\/uploads\/2023\/06\/IMG_2575-9x12.jpeg 9w\" sizes=\"(max-width: 298px) 100vw, 298px\" \/><\/p>\n<p>Eden od najodmevnej\u0161ih delov dogodka je bil del \u00bbSpoznaj svojega evropskega poslanca\u00ab, ki je udele\u017eencem omogo\u010dil sre\u010danje s predstavniki svoje dr\u017eave v Evropskem parlamentu in zagovarjanje njihovih pravic kot samozagovornikov z Downovim sindromom. Predsednica Roberta Metsola je bila med \u0161tevilnimi poslanci Evropskega parlamenta, ki so po\u010dastili prilo\u017enost, in vse toplo pozdravila.<\/p>\n<p>Dogodek je dosegel vrhunec s \u010dudovitim sprejemom, ki ga je gostila evropska poslanka Margarita De la Pisa, ki je udele\u017eencem, govornikom in organizatorjem omogo\u010dila sprostitev, ples in pogostitev s \u0161panskimi dobrotami.<\/p>\n<p>EU za trisomijo 21 je ponosna na uspeh tega dogodka, ki zdru\u017euje raznoliko skupino samozagovornikov z Downovim sindromom iz razli\u010dnih dr\u017eav in okolij. Hvale\u017eni smo govorcem, udele\u017eencem in partnerskim organizacijam za izjemno podporo pri zagovarjanju pravic posameznikov z Downovim sindromom. Zahvaljujemo se tudi evropskim poslancem za njihovo prijazno prisotnost na dogodku. Spremljajte nas za ve\u010d fotografij, videoposnetkov in prihodnjih novic o zagovorni\u0161tvu Downovega sindroma in samozagovorni\u0161tvu na na\u0161i spletni strani in kanalih dru\u017ebenih medijev.<\/p>","protected":false},"excerpt":{"rendered":"<p>The Future Is Ours: A Resounding Success in Brussels Brussels, May 12, 2023 You can find the official report here.&hellip;<\/p>","protected":false},"author":3,"featured_media":0,"comment_status":"closed","ping_status":"closed","sticky":false,"template":"","format":"standard","meta":{"_acf_changed":false,"footnotes":""},"categories":[45],"tags":[],"class_list":["post-33570","post","type-post","status-publish","format-standard","hentry","category-21-march-21"],"acf":[],"_links":{"self":[{"href":"https:\/\/eufortrisomy21.eu\/sl\/wp-json\/wp\/v2\/posts\/33570"}],"collection":[{"href":"https:\/\/eufortrisomy21.eu\/sl\/wp-json\/wp\/v2\/posts"}],"about":[{"href":"https:\/\/eufortrisomy21.eu\/sl\/wp-json\/wp\/v2\/types\/post"}],"author":[{"embeddable":true,"href":"https:\/\/eufortrisomy21.eu\/sl\/wp-json\/wp\/v2\/users\/3"}],"replies":[{"embeddable":true,"href":"https:\/\/eufortrisomy21.eu\/sl\/wp-json\/wp\/v2\/comments?post=33570"}],"version-history":[{"count":3,"href":"https:\/\/eufortrisomy21.eu\/sl\/wp-json\/wp\/v2\/posts\/33570\/revisions"}],"predecessor-version":[{"id":33630,"href":"https:\/\/eufortrisomy21.eu\/sl\/wp-json\/wp\/v2\/posts\/33570\/revisions\/33630"}],"wp:attachment":[{"href":"https:\/\/eufortrisomy21.eu\/sl\/wp-json\/wp\/v2\/media?parent=33570"}],"wp:term":[{"taxonomy":"category","embeddable":true,"href":"https:\/\/eufortrisomy21.eu\/sl\/wp-json\/wp\/v2\/categories?post=33570"},{"taxonomy":"post_tag","embeddable":true,"href":"https:\/\/eufortrisomy21.eu\/sl\/wp-json\/wp\/v2\/tags?post=33570"}],"curies":[{"name":"wp","href":"https:\/\/api.w.org\/{rel}","templated":true}]}}