{"id":31446,"date":"2021-03-09T10:19:38","date_gmt":"2021-03-09T09:19:38","guid":{"rendered":"https:\/\/eufortrisomy21.eu\/?p=31446"},"modified":"2021-03-09T10:20:49","modified_gmt":"2021-03-09T09:20:49","slug":"press-release-one-dancing-challenge-to-join-in-the-celebration","status":"publish","type":"post","link":"https:\/\/eufortrisomy21.eu\/sv\/press-release-one-dancing-challenge-to-join-in-the-celebration\/","title":{"rendered":"Pressmeddelande: En dansutmaning att delta i firandet!"},"content":{"rendered":"<p style=\"text-align: right;\"><img loading=\"lazy\" decoding=\"async\" class=\"size-medium wp-image-14470 alignleft\" src=\"https:\/\/eufortrisomy21.eu\/wp-content\/uploads\/2020\/02\/Banniere7-300x120.jpg\" alt=\"\" width=\"300\" height=\"120\" srcset=\"https:\/\/eufortrisomy21.eu\/wp-content\/uploads\/2020\/02\/Banniere7-300x120.jpg 300w, https:\/\/eufortrisomy21.eu\/wp-content\/uploads\/2020\/02\/Banniere7-1024x410.jpg 1024w, https:\/\/eufortrisomy21.eu\/wp-content\/uploads\/2020\/02\/Banniere7-768x307.jpg 768w, https:\/\/eufortrisomy21.eu\/wp-content\/uploads\/2020\/02\/Banniere7-1536x614.jpg 1536w, https:\/\/eufortrisomy21.eu\/wp-content\/uploads\/2020\/02\/Banniere7.jpg 2000w\" sizes=\"(max-width: 300px) 100vw, 300px\" \/>pressmeddelande<\/p>\n<p style=\"text-align: right;\">Bryssel<\/p>\n<p style=\"text-align: right;\">3 mars 2021<\/p>\n<p>&nbsp;<\/p>\n<h2 style=\"text-align: center;\"><span style=\"color: #99ccff;\"><strong>L\u00e5t oss fira den 21 mars tillsammans <\/strong><\/span><\/h2>\n<h2 style=\"text-align: center;\"><strong><span style=\"color: #ffcc00;\">1<\/span> Dans <span style=\"color: #ffcc00;\">utmaning <\/span><\/strong>att vara med och fira!<\/h2>\n<p>N\u00e4sta <em>Internationella dagen f\u00f6r trisomi 21<\/em> \u00e4ger rum s\u00f6ndagen den 21 mars 20<span style=\"color: #99ccff;\"><strong>21<\/strong><\/span>. F\u00f6r att fira detta emblematiska datum f\u00f6r personer med Downs syndrom (\u00e4ven kallat trisomi) <span style=\"color: #99ccff;\"><strong>21<\/strong><\/span>), <em>EU f\u00f6r trisomi21<\/em> f\u00f6resl\u00e5r tre projekt. Fokusera p\u00e5 den dansande utmaningen att s\u00e4tta in ljuset f\u00f6r personer med Downs syndrom: en koreografi att dansa f\u00f6r att gl\u00e4djas, f\u00f6r att fira tillsammans med personer med Downs syndrom.<\/p>\n<h4><span style=\"color: #ffcc00;\"><strong>1. Koreografin<\/strong><\/span><\/h4>\n<p>Det har f\u00f6rest\u00e4llts av en koreograf som brukade arbeta p\u00e5 ett s\u00e4rskilt center f\u00f6r personer med Downs syndrom. Musiken \u00e4r ett utdrag ur den sista singeln av den franska artisten Kimberose: \u00ab\u00a0<em>P\u00e5 f\u00f6tter igen \u00bb.<\/em><\/p>\n<h4><span style=\"color: #99ccff;\"><strong>2. Utmaningen \u00abDans den 21 mars \u2013 Internationella dagen f\u00f6r trisomi 21\u00bb<\/strong><\/span><\/h4>\n<p>Den har lanserats p\u00e5 sociala medier p\u00e5 <strong><span style=\"color: #99ccff;\">den 3 mars 2021<\/span><\/strong>.<\/p>\n<p>Den riktar sig till medborgare i europeiska l\u00e4nder; alla \u00e4r v\u00e4lkomna att delta i utmaningen:<\/p>\n<ul>\n<li>Att uttrycka gl\u00e4djen och att hedra v\u00e5ra n\u00e4ra och k\u00e4ra med Downs syndrom;<\/li>\n<li>Att l\u00e4ra k\u00e4nna personer med Downs syndrom i v\u00e5rt samh\u00e4lle;<\/li>\n<li>Att uttrycka en kollektiv tacksamhet f\u00f6r den s\u00e4rst\u00e4llning som m\u00e4nniskor med Downs syndrom har i v\u00e5rt samh\u00e4lle, som m\u00e5ste betonas: en v\u00e4sentlig del av v\u00e5rt samh\u00e4lle.<\/li>\n<\/ul>\n<p>Konkret:<\/p>\n<ul>\n<li>Alla l\u00e4r sig koreografin, registrerar sig, l\u00e4gger ut den p\u00e5 sociala medier och sprider inl\u00e4ggen fr\u00e5n<em> EU f\u00f6r trisomi21<\/em>.<\/li>\n<li>Anv\u00e4nder f\u00f6ljande hashtags: <span style=\"color: #99ccff;\"><strong>#EUfortrisomi21<\/strong><strong> #utmaning #downsyndrom<\/strong><\/span><\/li>\n<\/ul>\n<h4><strong><span style=\"color: #ffcc00;\">3. Kl\u00e4dkod (om m\u00f6jligt)<\/span><\/strong><\/h4>\n<p>Upp : vit \/ ner : bl\u00e5 \/ Felaktiga strumpor eller skor<\/p>\n<h4><strong><span style=\"color: #99ccff;\">4. EUfortrisomi21<\/span><\/strong><\/h4>\n<p>EUfortrisomy21 \u00e4r en gemenskap av f\u00f6r\u00e4ldrar till personer med Downs syndrom i hela Europa: <strong><span style=\"color: #99ccff;\">19 l\u00e4nder \u00e4r inblandade<\/span><\/strong> representerar <strong><span style=\"color: #99ccff;\">55 f\u00f6reningar<\/span><\/strong> vilka \u00e4r <strong><span style=\"color: #99ccff;\">partners<\/span><\/strong> av EUforTrisomy21-projektet f\u00f6r 2021 \u00e5rs upplaga av den internationella dagen f\u00f6r Trisomy 21.<\/p>\n<p>&nbsp;<\/p>\n<p style=\"text-align: center;\">Kontakt: contact@eufortrisomy21.eu<\/p>\n<p style=\"text-align: right;\"><a href=\"https:\/\/eufortrisomy21.eu\/wp-content\/uploads\/2021\/03\/EN-EUfortrisomy21-dancing-video-03-03-21.pdf\" target=\"_blank\" rel=\"noopener\">Klicka h\u00e4r<\/a> f\u00f6r att ladda ner pressmeddelandet<\/p>","protected":false},"excerpt":{"rendered":"<p>The next International Day of Trisomy 21 will take place on Sunday 21st March 2021. In order to celebrate this&hellip;<\/p>","protected":false},"author":3,"featured_media":0,"comment_status":"closed","ping_status":"closed","sticky":false,"template":"","format":"standard","meta":{"_acf_changed":false,"footnotes":""},"categories":[45],"tags":[],"class_list":["post-31446","post","type-post","status-publish","format-standard","hentry","category-21-march-21"],"acf":[],"_links":{"self":[{"href":"https:\/\/eufortrisomy21.eu\/sv\/wp-json\/wp\/v2\/posts\/31446"}],"collection":[{"href":"https:\/\/eufortrisomy21.eu\/sv\/wp-json\/wp\/v2\/posts"}],"about":[{"href":"https:\/\/eufortrisomy21.eu\/sv\/wp-json\/wp\/v2\/types\/post"}],"author":[{"embeddable":true,"href":"https:\/\/eufortrisomy21.eu\/sv\/wp-json\/wp\/v2\/users\/3"}],"replies":[{"embeddable":true,"href":"https:\/\/eufortrisomy21.eu\/sv\/wp-json\/wp\/v2\/comments?post=31446"}],"version-history":[{"count":0,"href":"https:\/\/eufortrisomy21.eu\/sv\/wp-json\/wp\/v2\/posts\/31446\/revisions"}],"wp:attachment":[{"href":"https:\/\/eufortrisomy21.eu\/sv\/wp-json\/wp\/v2\/media?parent=31446"}],"wp:term":[{"taxonomy":"category","embeddable":true,"href":"https:\/\/eufortrisomy21.eu\/sv\/wp-json\/wp\/v2\/categories?post=31446"},{"taxonomy":"post_tag","embeddable":true,"href":"https:\/\/eufortrisomy21.eu\/sv\/wp-json\/wp\/v2\/tags?post=31446"}],"curies":[{"name":"wp","href":"https:\/\/api.w.org\/{rel}","templated":true}]}}