{"id":31637,"date":"2021-03-11T16:22:13","date_gmt":"2021-03-11T15:22:13","guid":{"rendered":"https:\/\/eufortrisomy21.eu\/?p=31637"},"modified":"2021-03-11T16:25:52","modified_gmt":"2021-03-11T15:25:52","slug":"press-release-focus-on-the-online-conference","status":"publish","type":"post","link":"https:\/\/eufortrisomy21.eu\/sv\/press-release-focus-on-the-online-conference\/","title":{"rendered":"Pressmeddelande: Fokusera p\u00e5 (online) KONFERENS"},"content":{"rendered":"<p style=\"text-align: right;\"><img loading=\"lazy\" decoding=\"async\" class=\"size-medium wp-image-14470 alignleft\" src=\"https:\/\/eufortrisomy21.eu\/wp-content\/uploads\/2020\/02\/Banniere7-300x120.jpg\" alt=\"\" width=\"300\" height=\"120\" srcset=\"https:\/\/eufortrisomy21.eu\/wp-content\/uploads\/2020\/02\/Banniere7-300x120.jpg 300w, https:\/\/eufortrisomy21.eu\/wp-content\/uploads\/2020\/02\/Banniere7-1024x410.jpg 1024w, https:\/\/eufortrisomy21.eu\/wp-content\/uploads\/2020\/02\/Banniere7-768x307.jpg 768w, https:\/\/eufortrisomy21.eu\/wp-content\/uploads\/2020\/02\/Banniere7-1536x614.jpg 1536w, https:\/\/eufortrisomy21.eu\/wp-content\/uploads\/2020\/02\/Banniere7.jpg 2000w\" sizes=\"(max-width: 300px) 100vw, 300px\" \/>pressmeddelande<\/p>\n<p style=\"text-align: right;\">Bryssel<\/p>\n<p style=\"text-align: right;\">10 mars 2021<\/p>\n<p>&nbsp;<\/p>\n<h2 style=\"text-align: center;\"><span style=\"color: #99ccff;\">3 projekt f\u00f6r att fira World Down Syndrome Day \u00a0<\/span><\/h2>\n<h2 style=\"text-align: center;\"><span style=\"color: #ffcc00;\"><span class=\"fontstyle0\">Fokusera p\u00e5 (online) <\/span><span class=\"fontstyle2\">KONFERENS<\/span><\/span><\/h2>\n<h2 style=\"text-align: center;\"><span style=\"color: #000000;\">\u00a0<span class=\"fontstyle0\">Trisomi 21: Vad kan Europa g\u00f6ra?<\/span><\/span><\/h2>\n<p style=\"text-align: center;\">\u00a0<span class=\"fontstyle0\">F\u00f6r att fira den internationella dagen f\u00f6r trisomi 21, <em>EUfortrisomy21<\/em> anordnar en konferens<br \/>\n<\/span><span class=\"fontstyle2\"><span style=\"color: #99ccff;\"><strong>Torsdagen den 18 mars 2021 fr\u00e5n 14 till 15.30<\/strong><\/span><br \/>\n<\/span><span class=\"fontstyle0\">(Bryssels tidszon)<\/span><\/p>\n<p><span style=\"color: #ffcc00;\"><span style=\"color: #333333;\"><span class=\"fontstyle0\">Expertf\u00f6r\u00e4ldrar, en person med Downs syndrom, och parlamentsledam\u00f6ter (Ms Estrella Dura (S&amp;D), Katrin Langensiepen (Gr\u00f6na), Radka Maxova (Renew), Mr. Fran\u00e7ois-Xavier Bellamy (PPE), Mr. Patrick Jaki (ECR)) kommer att tala om viktiga fr\u00e5gor f\u00f6r personer med Downs syndrom: synlighet, autonomi, inkludering, icke-diskriminering och v\u00e4rdighet.<\/span><\/span><\/span><\/p>\n<p><span style=\"color: #ffcc00;\"><span style=\"color: #333333;\"><span class=\"fontstyle0\"><img loading=\"lazy\" decoding=\"async\" class=\"size-medium wp-image-31642 alignleft\" src=\"https:\/\/eufortrisomy21.eu\/wp-content\/uploads\/2021\/03\/Trisomy-21-What-can-Europe-do-253x300.jpg\" alt=\"\" width=\"253\" height=\"300\" srcset=\"https:\/\/eufortrisomy21.eu\/wp-content\/uploads\/2021\/03\/Trisomy-21-What-can-Europe-do-253x300.jpg 253w, https:\/\/eufortrisomy21.eu\/wp-content\/uploads\/2021\/03\/Trisomy-21-What-can-Europe-do-10x12.jpg 10w, https:\/\/eufortrisomy21.eu\/wp-content\/uploads\/2021\/03\/Trisomy-21-What-can-Europe-do.jpg 708w\" sizes=\"(max-width: 253px) 100vw, 253px\" \/>Dessa ingripanden och diskussioner kommer att vara anv\u00e4ndbara f\u00f6r debatten om <\/span><span class=\"fontstyle2\">J\u00e4mst\u00e4lldhetsf\u00f6rbundet: <strong>Strategi f\u00f6r r\u00e4ttigheter f\u00f6r personer med funktionsneds\u00e4ttning 2021-2030 <\/strong><\/span><span class=\"fontstyle0\">(tillk\u00e4nnagav av Europaparlamentet den 3<\/span><span class=\"fontstyle0\">rd <\/span><span class=\"fontstyle0\">mars).<\/span><\/span><strong><span class=\"fontstyle0\"><br \/>\n<\/span><\/strong><\/span><\/p>\n<p><span style=\"color: #333333;\"><span class=\"fontstyle0\">En \u00f6vers\u00e4ttning \u00e4r planerad till:<br \/>\n<\/span><\/span><\/p>\n<ul>\n<li><span style=\"color: #333333;\"><span class=\"fontstyle0\">engelsk<\/span><\/span><\/li>\n<li><span style=\"color: #333333;\"><span class=\"fontstyle0\">Tyska (normalt och l\u00e4tt spr\u00e5k)<\/span><\/span><\/li>\n<li><span style=\"color: #333333;\"><span class=\"fontstyle0\">spanska<\/span><\/span><\/li>\n<li><span style=\"color: #333333;\"><span class=\"fontstyle0\">franska<\/span><\/span><\/li>\n<\/ul>\n<p style=\"text-align: center;\"><span style=\"color: #ffcc00;\"><span class=\"fontstyle0\" style=\"color: #333333;\">Om du vill <\/span><strong><span class=\"fontstyle3\">delta i konferensen<\/span><\/strong><span class=\"fontstyle0\" style=\"color: #333333;\">, v\u00e4nligen registrera dig p\u00e5<\/span><strong><span class=\"fontstyle0\"><br \/>\n<\/span><a href=\"mailto:contact@eufortrisomy21.eu\"><span class=\"fontstyle0\">contact@eufortrisomy21.eu<\/span><\/a><\/strong><\/span><\/p>\n<p>&nbsp;<\/p>\n<p style=\"text-align: center;\"><span class=\"fontstyle0\">EUfortrisomy21 <\/span><span class=\"fontstyle2\">\u00e4r en gemenskap av f\u00f6r\u00e4ldrar till barn med Downs syndrom,<br \/>\nf\u00f6renade f\u00f6r att fr\u00e4mja r\u00e4ttigheterna f\u00f6r personer med Downs syndrom inom fyra prioriterade omr\u00e5den:<br \/>\nsynlighet, icke-diskriminering, h\u00e4lsa, autonomi<\/span><\/p>\n<p style=\"text-align: center;\"><strong>Kontakt<\/strong> : contact@eufortrisomy21.eu<\/p>\n<p style=\"text-align: right;\"><a href=\"https:\/\/eufortrisomy21.eu\/wp-content\/uploads\/2021\/03\/2021-03-11-EN-PRESS-RELEASE-conference.pdf\" target=\"_blank\" rel=\"noopener\">Klicka h\u00e4r <\/a>f\u00f6r att ladda ner pressmeddelandet<\/p>","protected":false},"excerpt":{"rendered":"<p>\u00a0To celebrate the International Day of Trisomy 21, EUfortrisomy21 organizes a conference Thursday 18th March 2021 from 2 to 3:30&hellip;<\/p>","protected":false},"author":3,"featured_media":0,"comment_status":"closed","ping_status":"closed","sticky":false,"template":"","format":"standard","meta":{"_acf_changed":false,"footnotes":""},"categories":[45],"tags":[],"class_list":["post-31637","post","type-post","status-publish","format-standard","hentry","category-21-march-21"],"acf":[],"_links":{"self":[{"href":"https:\/\/eufortrisomy21.eu\/sv\/wp-json\/wp\/v2\/posts\/31637"}],"collection":[{"href":"https:\/\/eufortrisomy21.eu\/sv\/wp-json\/wp\/v2\/posts"}],"about":[{"href":"https:\/\/eufortrisomy21.eu\/sv\/wp-json\/wp\/v2\/types\/post"}],"author":[{"embeddable":true,"href":"https:\/\/eufortrisomy21.eu\/sv\/wp-json\/wp\/v2\/users\/3"}],"replies":[{"embeddable":true,"href":"https:\/\/eufortrisomy21.eu\/sv\/wp-json\/wp\/v2\/comments?post=31637"}],"version-history":[{"count":0,"href":"https:\/\/eufortrisomy21.eu\/sv\/wp-json\/wp\/v2\/posts\/31637\/revisions"}],"wp:attachment":[{"href":"https:\/\/eufortrisomy21.eu\/sv\/wp-json\/wp\/v2\/media?parent=31637"}],"wp:term":[{"taxonomy":"category","embeddable":true,"href":"https:\/\/eufortrisomy21.eu\/sv\/wp-json\/wp\/v2\/categories?post=31637"},{"taxonomy":"post_tag","embeddable":true,"href":"https:\/\/eufortrisomy21.eu\/sv\/wp-json\/wp\/v2\/tags?post=31637"}],"curies":[{"name":"wp","href":"https:\/\/api.w.org\/{rel}","templated":true}]}}