{"id":31969,"date":"2021-03-16T15:35:04","date_gmt":"2021-03-16T14:35:04","guid":{"rendered":"https:\/\/eufortrisomy21.eu\/?p=31969"},"modified":"2021-03-16T15:48:59","modified_gmt":"2021-03-16T14:48:59","slug":"trisomy-21-what-europe-can-do-program","status":"publish","type":"post","link":"https:\/\/eufortrisomy21.eu\/sv\/trisomy-21-what-europe-can-do-program\/","title":{"rendered":"Trisomi 21: Vad kan Europa g\u00f6ra? - Program"},"content":{"rendered":"<h1>Trisomi 21: Vad kan Europa g\u00f6ra?<\/h1>\n<p>Synlighet, inkludering, autonomi: viktiga fr\u00e5gor f\u00f6r personer med Trisomi 21<\/p>\n<p>&nbsp;<\/p>\n<p><img loading=\"lazy\" decoding=\"async\" class=\"size-medium wp-image-31642 alignleft\" src=\"https:\/\/eufortrisomy21.eu\/wp-content\/uploads\/2021\/03\/Trisomy-21-What-can-Europe-do-253x300.jpg\" alt=\"\" width=\"253\" height=\"300\" srcset=\"https:\/\/eufortrisomy21.eu\/wp-content\/uploads\/2021\/03\/Trisomy-21-What-can-Europe-do-253x300.jpg 253w, https:\/\/eufortrisomy21.eu\/wp-content\/uploads\/2021\/03\/Trisomy-21-What-can-Europe-do-10x12.jpg 10w, https:\/\/eufortrisomy21.eu\/wp-content\/uploads\/2021\/03\/Trisomy-21-What-can-Europe-do.jpg 708w\" sizes=\"(max-width: 253px) 100vw, 253px\" \/>Datum: Torsdag 18<sup>th<\/sup> mars 2021 \u2013 14.00<\/p>\n<p>Plats: Onlinekonferens<\/p>\n<p>Registrering p\u00e5 <a href=\"mailto:Contact@eufortrisomy21.eu\">Contact@eufortrisomy21.eu<\/a><\/p>\n<p>Spr\u00e5k: engelska, spanska, franska, tyska och tyska l\u00e4ttspr\u00e5kigt, rum\u00e4nska<\/p>\n<p>&nbsp;<\/p>\n<h2><\/h2>\n<h2><\/h2>\n<hr \/>\n<h2>Utkast till program:<\/h2>\n<h3><u>F\u00f6r\u00e4ldrar och sj\u00e4lvf\u00f6respr\u00e5kare:<\/u><\/h3>\n<p>14.00 Introduktion \u2013 Clotilde No\u00ebl (Frankrike, Tomb\u00e9e du Nid), Rodrigo Escobar (Spanien) och Sofia Carnevali (Italien)<\/p>\n<p>14.10 \u2013 Sanna Karosas (Litauen, Saulytes)<\/p>\n<p>14.15 \u2013 Natalie Dedreux, sj\u00e4lvf\u00f6rsvarare (Tyskland)<\/p>\n<p>14.20 \u2013 Mareike Fuisz (Tyskland)<\/p>\n<p>14.25 \u2013 Liana Maria Vislan (Rum\u00e4nien, Asociatia Langdon Down Oltenia)<\/p>\n<h3><u>Ledam\u00f6ter av Europaparlamentet:<\/u><\/h3>\n<p>14.30 Fran\u00e7ois-Xavier Bellamy; Frankrike, Europeiska folkpartiets grupp<\/p>\n<p>14.40 Katrin Langensiepen; Tyskland, Gruppen De gr\u00f6na<\/p>\n<p>14.50 Patryk Jaki; Polen, Europeiska konservativa och reformistiska gruppen<\/p>\n<p>15.00 Estrella Dur\u00e1 Ferrandis; Spanien, gruppen f\u00f6r den progressiva alliansen av socialister och demokrater<\/p>\n<p>15.10 Radka Maxov\u00e1; Tjeckien, Renew Europe Group<\/p>\n<p>&nbsp;<\/p>\n<p>15.20 Fr\u00e5gor och svar<\/p>\n<p>15.30 Slut p\u00e5 onlinekonferensen<\/p>","protected":false},"excerpt":{"rendered":"<p>Trisomy 21\u00a0: What Europe can do? Visibility, inclusion, autonomy: essentials issues for people with Trisomy 21 &nbsp; Date: Thursday 18th&hellip;<\/p>","protected":false},"author":3,"featured_media":0,"comment_status":"closed","ping_status":"closed","sticky":false,"template":"","format":"standard","meta":{"_acf_changed":false,"footnotes":""},"categories":[45],"tags":[],"class_list":["post-31969","post","type-post","status-publish","format-standard","hentry","category-21-march-21"],"acf":[],"_links":{"self":[{"href":"https:\/\/eufortrisomy21.eu\/sv\/wp-json\/wp\/v2\/posts\/31969"}],"collection":[{"href":"https:\/\/eufortrisomy21.eu\/sv\/wp-json\/wp\/v2\/posts"}],"about":[{"href":"https:\/\/eufortrisomy21.eu\/sv\/wp-json\/wp\/v2\/types\/post"}],"author":[{"embeddable":true,"href":"https:\/\/eufortrisomy21.eu\/sv\/wp-json\/wp\/v2\/users\/3"}],"replies":[{"embeddable":true,"href":"https:\/\/eufortrisomy21.eu\/sv\/wp-json\/wp\/v2\/comments?post=31969"}],"version-history":[{"count":0,"href":"https:\/\/eufortrisomy21.eu\/sv\/wp-json\/wp\/v2\/posts\/31969\/revisions"}],"wp:attachment":[{"href":"https:\/\/eufortrisomy21.eu\/sv\/wp-json\/wp\/v2\/media?parent=31969"}],"wp:term":[{"taxonomy":"category","embeddable":true,"href":"https:\/\/eufortrisomy21.eu\/sv\/wp-json\/wp\/v2\/categories?post=31969"},{"taxonomy":"post_tag","embeddable":true,"href":"https:\/\/eufortrisomy21.eu\/sv\/wp-json\/wp\/v2\/tags?post=31969"}],"curies":[{"name":"wp","href":"https:\/\/api.w.org\/{rel}","templated":true}]}}