{"id":32350,"date":"2021-06-24T17:12:45","date_gmt":"2021-06-24T15:12:45","guid":{"rendered":"https:\/\/eufortrisomy21.eu\/?p=32350"},"modified":"2022-07-22T10:28:28","modified_gmt":"2022-07-22T08:28:28","slug":"online-conference-improving-the-visibility-of-people-with-down-syndrome-an-emergency-for-europe","status":"publish","type":"post","link":"https:\/\/eufortrisomy21.eu\/sv\/online-conference-improving-the-visibility-of-people-with-down-syndrome-an-emergency-for-europe\/","title":{"rendered":"Onlinekonferens - 8 juli 2021 - F\u00f6rb\u00e4ttra synligheten f\u00f6r personer med Downs syndrom"},"content":{"rendered":"<p style=\"text-align: right;\"><img loading=\"lazy\" decoding=\"async\" class=\"size-medium wp-image-14470 alignleft\" src=\"https:\/\/eufortrisomy21.eu\/wp-content\/uploads\/2020\/02\/Banniere7-300x120.jpg\" alt=\"\" width=\"300\" height=\"120\" srcset=\"https:\/\/eufortrisomy21.eu\/wp-content\/uploads\/2020\/02\/Banniere7-300x120.jpg 300w, https:\/\/eufortrisomy21.eu\/wp-content\/uploads\/2020\/02\/Banniere7-1024x410.jpg 1024w, https:\/\/eufortrisomy21.eu\/wp-content\/uploads\/2020\/02\/Banniere7-768x307.jpg 768w, https:\/\/eufortrisomy21.eu\/wp-content\/uploads\/2020\/02\/Banniere7-1536x614.jpg 1536w, https:\/\/eufortrisomy21.eu\/wp-content\/uploads\/2020\/02\/Banniere7.jpg 2000w\" sizes=\"(max-width: 300px) 100vw, 300px\" \/><\/p>\n<p>&nbsp;<\/p>\n<p>&nbsp;<\/p>\n<p>&nbsp;<\/p>\n<p>&nbsp;<\/p>\n<h2 style=\"text-align: center;\">F\u00f6rb\u00e4ttra synligheten f\u00f6r personer med Downs syndrom: en n\u00f6dsituation f\u00f6r Europa. Varf\u00f6r? Hur?<\/h2>\n<p>Att f\u00f6rb\u00e4ttra synligheten f\u00f6r personer med Downs syndrom i Europa borde vara en stor debatt i <a href=\"https:\/\/futureu.europa.eu\/\" target=\"_blank\" rel=\"noopener\">medborgarr\u00e5d f\u00f6r Europas framtid<\/a>.<\/p>\n<p><strong><a href=\"https:\/\/docs.google.com\/forms\/d\/e\/1FAIpQLSfcweCVPOG7YO_JwvF9NAbhpVdDDrUbxl59EM7JJ17kPaB95Q\/viewform\" target=\"_blank\" rel=\"noopener\">Registrera h\u00e4r<\/a> <\/strong>att delta i EUfortrisomy21 onlinekonferens om <strong>8 juli kl 18 (Bryssel tid)<\/strong> och bidra till online -debatterna fr\u00e5n medborgarkonsultationen om \u201dEuropas framtid\u201d f\u00f6r att f\u00f6rb\u00e4ttra synligheten f\u00f6r personer med Downs syndrom.<\/p>\n<p><strong>Spr\u00e5k :<\/strong> Engelska, spanska, franska, tyska, tyska l\u00e4ttspr\u00e5kiga, tjeckiska och italienska<\/p>\n<p>&nbsp;<\/p>\n<h2><u>Program:<\/u><\/h2>\n<p><strong>Inledning: <\/strong>Brando Benifei (ledamot av Europaparlamentet - Italien)<\/p>\n<p><strong>Del 1: Kontroversiella fall av diskriminering i Europa\u00a0<\/strong><\/p>\n<ul>\n<li>Dear Future Mom - Riccardo Bianchi - Coordown (IT)<\/li>\n<li>Dear Future Mom (censur och fallet inf\u00f6r Europakonventionen) - Lucie Pacherie - Fondation J\u00e9r\u00f4me Lejeune (FR)<\/li>\n<li>Arcadi Spada -fall (SP) och Richard Dawkins -fall - Raquel del Barrio (referentf\u00f6r\u00e4lder till EU f\u00f6r Trisomy 21 i Spanien)<\/li>\n<\/ul>\n<p><strong>Del 2: Varf\u00f6r finns detta diskriminerande tal fortfarande i Europa?<\/strong><\/p>\n<ul>\n<li>Filosof: Danielle Moyse (FR)<\/li>\n<li>Tina Sander (f\u00f6reningens grundare): #NoNIPT -kampanj i Tyskland (GE)<\/li>\n<li>Sj\u00e4lvf\u00f6respr\u00e5kare: Natalie Dedreux-bloggare och journalist (GE)<\/li>\n<\/ul>\n<p><strong>Del 3: Hur ska man agera f\u00f6r att fr\u00e4mja v\u00e4rdighet och gynna synlighet f\u00f6r personer med trisomi 21?<\/strong><\/p>\n<ul>\n<li>Sj\u00e4lvf\u00f6respr\u00e5kare: Caterina Moretti (SP)<\/li>\n<li>Video av Dubravka Suica, ledamot av Europeiska kommissionens ordf\u00f6rande f\u00f6r konferensen f\u00f6r Europas framtid<\/li>\n<\/ul>\n<p><strong>Fr\u00e5gor och svar<\/strong><\/p>\n<p><strong>Slutsats : <\/strong>Radka Maxova (ledamot av Europaparlamentet - Tjeckien)<\/p>\n<p id=\"tw-target-text\" class=\"tw-data-text tw-text-large XcVN5d tw-ta\" data-placeholder=\"Traduction\">Uppspelningsvideor fr\u00e5n v\u00e5r onlinekonferens finns tillg\u00e4ngliga <a href=\"https:\/\/www.youtube.com\/channel\/UCFbORaGOrc9HBNBSK7DG-nQ?app=desktop&amp;pli=1\" target=\"_blank\" rel=\"noopener\">p\u00e5 v\u00e5r YouTube -kanal<\/a>.<\/p>\n<p style=\"text-align: center;\"><span class=\"fontstyle0\">EUfortrisomy21 <\/span><span class=\"fontstyle2\">\u00e4r en gemenskap av f\u00f6r\u00e4ldrar till barn med Downs syndrom,<br \/>\nf\u00f6renade f\u00f6r att fr\u00e4mja r\u00e4ttigheterna f\u00f6r personer med Downs syndrom inom fyra prioriterade omr\u00e5den:<br \/>\nsynlighet, icke-diskriminering, h\u00e4lsa, autonomi<\/span><\/p>\n<p style=\"text-align: center;\"><strong>Kontakt<\/strong> : contact@eufortrisomy21.eu<\/p>\n<p style=\"text-align: right;\">","protected":false},"excerpt":{"rendered":"<p>Improving the visibility of people with Down syndrome in Europe should be a major debate in the citizen\u2019s consultation for&hellip;<\/p>","protected":false},"author":3,"featured_media":0,"comment_status":"closed","ping_status":"closed","sticky":false,"template":"","format":"standard","meta":{"_acf_changed":false,"footnotes":""},"categories":[45],"tags":[],"class_list":["post-32350","post","type-post","status-publish","format-standard","hentry","category-21-march-21"],"acf":[],"_links":{"self":[{"href":"https:\/\/eufortrisomy21.eu\/sv\/wp-json\/wp\/v2\/posts\/32350"}],"collection":[{"href":"https:\/\/eufortrisomy21.eu\/sv\/wp-json\/wp\/v2\/posts"}],"about":[{"href":"https:\/\/eufortrisomy21.eu\/sv\/wp-json\/wp\/v2\/types\/post"}],"author":[{"embeddable":true,"href":"https:\/\/eufortrisomy21.eu\/sv\/wp-json\/wp\/v2\/users\/3"}],"replies":[{"embeddable":true,"href":"https:\/\/eufortrisomy21.eu\/sv\/wp-json\/wp\/v2\/comments?post=32350"}],"version-history":[{"count":0,"href":"https:\/\/eufortrisomy21.eu\/sv\/wp-json\/wp\/v2\/posts\/32350\/revisions"}],"wp:attachment":[{"href":"https:\/\/eufortrisomy21.eu\/sv\/wp-json\/wp\/v2\/media?parent=32350"}],"wp:term":[{"taxonomy":"category","embeddable":true,"href":"https:\/\/eufortrisomy21.eu\/sv\/wp-json\/wp\/v2\/categories?post=32350"},{"taxonomy":"post_tag","embeddable":true,"href":"https:\/\/eufortrisomy21.eu\/sv\/wp-json\/wp\/v2\/tags?post=32350"}],"curies":[{"name":"wp","href":"https:\/\/api.w.org\/{rel}","templated":true}]}}