{"id":33055,"date":"2021-11-15T10:18:07","date_gmt":"2021-11-15T09:18:07","guid":{"rendered":"https:\/\/eufortrisomy21.eu\/?p=33055"},"modified":"2022-09-28T15:16:41","modified_gmt":"2022-09-28T13:16:41","slug":"we-want-more-campaign","status":"publish","type":"post","link":"https:\/\/eufortrisomy21.eu\/sv\/we-want-more-campaign\/","title":{"rendered":"Vi vill ha mer kampanj:"},"content":{"rendered":"<p>Under november m\u00e5nad har Eu for Trisomy 21 lett en kampanj f\u00f6r att fr\u00e4mja deltagandet av personer med Downs syndrom i konferensen f\u00f6r Europas framtid som var en stor framg\u00e5ng och en vacker kampanj till f\u00f6rm\u00e5n f\u00f6r synligheten f\u00f6r personer med Down. Syndrom.<\/p>\n<h2>Vad \u00e4r konferensen f\u00f6r Europas framtid?<\/h2>\n<p>EU har bett sina medborgare att hj\u00e4lpa dem genom att ber\u00e4tta f\u00f6r dem vad de skulle vilja vara framtida politik f\u00f6r Europeiska unionen. Vi engagerar oss i den h\u00e4r plattformen, s\u00e5 personer med downs syndrom kan ocks\u00e5 ha ett inflytande \u00f6ver EU:s framtid.<\/p>\n<p>Kampanjen EU f\u00f6r Trisomy 21 blev en stor framg\u00e5ng och blev den tredje mest popul\u00e4ra kampanjen p\u00e5 hela onlineplattformen: <a href=\"https:\/\/futureu.europa.eu\/processes\/ValuesRights\/f\/12\/proposals\/134773?locale=fr&amp;order=most_commented\">https:\/\/futureu.europa.eu\/processes\/ValuesRights\/f\/12\/proposals\/134773?locale=fr&amp;order=most_commented<\/a><\/p>\n<p>Vi lyckades tala om vikten av att Europeiska unionen arbetar med syssels\u00e4ttning, autonomi, h\u00e4lsov\u00e5rd och icke-diskriminering av personer med downs syndrom. Vi uppmanar EU-kommissionen att h\u00f6ra v\u00e5ra p\u00e5st\u00e5enden och st\u00e5 f\u00f6r r\u00e4ttigheterna f\u00f6r personer med Downs syndrom.<\/p>\n<h2>Varf\u00f6r deltar vi i konferensen f\u00f6r Europas framtid:<\/h2>\n<p>I EU finns det inte tillr\u00e4ckligt med representation f\u00f6r personer med intellektuella funktionsneds\u00e4ttningar.<\/p>\n<p>Till exempel var det inga personer med intellektuella funktionsneds\u00e4ttningar inblandade i att skriva EU:s nya \u201dStrategi f\u00f6r r\u00e4ttigheter f\u00f6r personer med funktionsneds\u00e4ttning 2021-2030\u201d. De n\u00e4mns knappt alls i strategin. Att inte ha n\u00e5gon representation har haft en fruktansv\u00e4rd effekt p\u00e5 m\u00e4nniskor med intellektuella och neurologiska funktionsneds\u00e4ttningar, s\u00e4rskilt f\u00f6r Downs syndrom-gemenskapen.<\/p>\n<p>Vi beh\u00f6ver fler m\u00e4nniskor som k\u00e4nner till dessa samh\u00e4llens oro och behov genom personlig erfarenhet f\u00f6r att hj\u00e4lpa EU att skriva denna politik. Vi vill ha mer representation! Det \u00e4r d\u00e4rf\u00f6r vi skapade kampanjen #WeWantMore.<\/p>\n<p>Vi, EU f\u00f6r Trisomi 21, har startat en debatt om fr\u00e5gan om representation. Sann europeisk demokrati fungerar bara om den verkligen representerar alla sina medborgare.<\/p>\n<p>Vi tror att EU sviker m\u00e4nniskor med Trisomi 21 genom att inte ta h\u00e4nsyn till deras speciella behov n\u00e4r det g\u00e4ller synlighet, h\u00e4lsa, autonomi och icke-diskriminering. Vi kr\u00e4ver att fler personer som har f\u00f6rstahandserfarenhet av oro och behov hos personer med Downs syndrom \u00e4r personligen involverade i att skapa dessa policyer. Vi vill ha mer representation! #WVill ha mer<\/p>\n<p>Du kan se all information om v\u00e5r #Wewantmore-kampanj i v\u00e5ra sociala medier och p\u00e5 denna webbsida: <a href=\"https:\/\/eufortrisomy21.eu\/sv\/wewantmore\/\">https:\/\/eufortrisomy21.eu\/wewantmore\/<\/a><\/p>","protected":false},"excerpt":{"rendered":"<p>During the month of November, Eu for Trisomy 21, has led a campaign to promote the participation of people with&hellip;<\/p>","protected":false},"author":3,"featured_media":0,"comment_status":"closed","ping_status":"closed","sticky":false,"template":"","format":"standard","meta":{"_acf_changed":false,"footnotes":""},"categories":[45],"tags":[],"class_list":["post-33055","post","type-post","status-publish","format-standard","hentry","category-21-march-21"],"acf":[],"_links":{"self":[{"href":"https:\/\/eufortrisomy21.eu\/sv\/wp-json\/wp\/v2\/posts\/33055"}],"collection":[{"href":"https:\/\/eufortrisomy21.eu\/sv\/wp-json\/wp\/v2\/posts"}],"about":[{"href":"https:\/\/eufortrisomy21.eu\/sv\/wp-json\/wp\/v2\/types\/post"}],"author":[{"embeddable":true,"href":"https:\/\/eufortrisomy21.eu\/sv\/wp-json\/wp\/v2\/users\/3"}],"replies":[{"embeddable":true,"href":"https:\/\/eufortrisomy21.eu\/sv\/wp-json\/wp\/v2\/comments?post=33055"}],"version-history":[{"count":0,"href":"https:\/\/eufortrisomy21.eu\/sv\/wp-json\/wp\/v2\/posts\/33055\/revisions"}],"wp:attachment":[{"href":"https:\/\/eufortrisomy21.eu\/sv\/wp-json\/wp\/v2\/media?parent=33055"}],"wp:term":[{"taxonomy":"category","embeddable":true,"href":"https:\/\/eufortrisomy21.eu\/sv\/wp-json\/wp\/v2\/categories?post=33055"},{"taxonomy":"post_tag","embeddable":true,"href":"https:\/\/eufortrisomy21.eu\/sv\/wp-json\/wp\/v2\/tags?post=33055"}],"curies":[{"name":"wp","href":"https:\/\/api.w.org\/{rel}","templated":true}]}}