{"id":33345,"date":"2022-12-07T18:00:43","date_gmt":"2022-12-07T17:00:43","guid":{"rendered":"https:\/\/eufortrisomy21.eu\/?p=33345"},"modified":"2024-02-20T17:22:44","modified_gmt":"2024-02-20T16:22:44","slug":"the-future-is-ours-time-for-more-autonomy","status":"publish","type":"post","link":"https:\/\/eufortrisomy21.eu\/sv\/the-future-is-ours-time-for-more-autonomy\/","title":{"rendered":"Framtiden \u00e4r v\u00e5r \u2013 Dags f\u00f6r mer autonomi"},"content":{"rendered":"<p>YouTube-l\u00e4nk: <a href=\"https:\/\/www.youtube.com\/watch?v=j2QFE6f5QPY\">Magyar (ungerska)<\/a>, <a href=\"https:\/\/www.youtube.com\/watch?v=y754i2Gk5jk\">Rom\u00e2n (rum\u00e4nska)<\/a>, <a href=\"https:\/\/www.youtube.com\/watch?v=imPvo3tS7l8\">Fran\u00e7ais (franska)<\/a>, <a href=\"https:\/\/www.youtube.com\/watch?v=ZjAbSg9kFG0\">Deutsch (tyska)<\/a>, <a href=\"https:\/\/www.youtube.com\/watch?v=-KLPE1gQVC4\">Polski (Polski)<\/a>, <a href=\"https:\/\/www.youtube.com\/watch?v=MgHYTZBAlyE\">\u03b5\u03bb\u03bb\u03b7\u03bd\u03b9\u03ba\u03ac (grekiska)<\/a><\/p>\n<p>Du kan ta en titt p\u00e5 v\u00e5r officiella rapport <a href=\"https:\/\/drive.google.com\/file\/d\/1yMfOOM1MKX2PptIr70ZjFIDLy8B5rYdU\/view?usp=sharing\">h\u00e4r<\/a>.<\/p>\n<p>Den 7<sup>th<\/sup> i december 2022 stod EU for Trisomy 21 v\u00e4rd f\u00f6r det f\u00f6rsta evenemanget i v\u00e5rt EU-sponsrade projekt The Future is Ours med titeln &quot;Time for more AUTONOMY&quot;.<\/p>\n<p><span style=\"font-weight: 400;\">I september 2022 fick n\u00e4tverket EU f\u00f6r Trisomi 21 ekonomiskt st\u00f6d genom EU:s CERV-bidragsprogram, vilket lanserade projektet The Future is Ours. Detta projekt inkluderar 3 onlineevenemang samt ytterligare ett personligt evenemang i maj 2023 i Bryssel. Varje evenemang kommer att fokusera p\u00e5 ett av de fyra m\u00e5len f\u00f6r EU f\u00f6r Trisomy 21-n\u00e4tverket:<\/span><\/p>\n<p><span style=\"font-weight: 400;\">\u2013 Autonomi, vad betyder det f\u00f6r personer med Downs syndrom att vara oberoende och fatta beslut\u00a0<\/span><\/p>\n<p><span style=\"font-weight: 400;\">\u2013 Synlighet, vad betyder det f\u00f6r People Downs syndrom att synas och h\u00f6ras\u00a0<\/span><\/p>\n<p><span style=\"font-weight: 400;\">\u2013 H\u00e4lsa, Vikten av bra l\u00e4kare och h\u00e4lsost\u00f6d\u00a0<\/span><\/p>\n<p><span style=\"font-weight: 400;\">\u2013 Likabehandling, vad betyder det att m\u00e4nniskor Downs syndrom respekteras<\/span><\/p>\n<p>Det f\u00f6rsta evenemanget i detta projekt &quot;Time for more AUTONOMY&quot; h\u00f6lls online som en del av n\u00e4tverkets firande av den internationella dagen f\u00f6r r\u00e4ttigheter f\u00f6r personer med funktionsneds\u00e4ttning den 3<sup>rd<\/sup> december 2022.<\/p>\n<p>&quot;Time for more AUTONOMY&quot; inneh\u00f6ll 5 Self-advocat-talare fr\u00e5n 5 olika l\u00e4nder, som pratade om vikten av att leva ett sj\u00e4lvst\u00e4ndigt liv. Den \u00f6versattes till 9 spr\u00e5k (engelska, ungerska, rum\u00e4nska, franska, tyska, polska, grekiska och spanska) och hade \u00f6ver 400 deltagare fr\u00e5n 22 l\u00e4nder (16 EU-l\u00e4nder).<\/p>\n<p><span style=\"font-weight: 400;\"><span style=\"font-weight: 400;\">Den f\u00f6rsta talaren vid evenemanget var<strong> Soufiane El Amrani<\/strong>, en<\/span><\/span> l\u00e4ttl\u00e4st och p\u00e5verkansexpert som arbetar p\u00e5 organisationen Inclusion Europe sedan 2008. Som en del av detta arbete har han gett m\u00e5nga utbildningar i att g\u00f6ra information tillg\u00e4nglig och hur man konsulterar personer med intellektuella funktionsneds\u00e4ttningar i beslut som p\u00e5verkar dem. Han \u00e4r ocks\u00e5 en del av European Platform of Self-Advocates och Empower Us Team. Sedan november 2020 \u00e4r Soufiane representant f\u00f6r sj\u00e4lvf\u00f6respr\u00e5kare f\u00f6r Europa vid Council of Inclusion International.<\/p>\n<p>Under evenemanget &quot;Time for more AUTONOMY&quot; talade han om autonomin f\u00f6r personer med funktionshinder inom EU, med fokus p\u00e5 den kommande f\u00f6r\u00e4ndringen av vallagen som till\u00e5ter personer med intellektuella funktionsneds\u00e4ttningar, inklusive personer med Downs syndrom, att r\u00f6sta i den kommande EU-parlamentarikern. valet 2024. Han \u00f6kade medvetenheten om att det \u00e4r ett bra steg att \u00e4ndra vallagen, men att EU m\u00e5ste f\u00f6rb\u00e4ttra sin kommunikation f\u00f6r att verkligen vara tillg\u00e4nglig f\u00f6r denna nya v\u00e4ljarpool.<\/p>\n<p>Panelen &quot;My autonomous Life&quot; inkluderade fyra Self-Advocate-talare fr\u00e5n hela Europa:<\/p>\n<ul>\n<li>\n<p class=\"_04xlpA direction-ltr align-start para-style-body\"><span class=\"JsGRdQ\"><strong>Fanny Neumayer<\/strong>, 27 \u00e5r gammal och bosatt i Wien, <strong>\u00d6sterrike<\/strong>. <\/span><span class=\"JsGRdQ\">Ms Neumayer arbetar p\u00e5 huvudkontoret f\u00f6r Evangelische Gymnasium (en gymnasieskola) i 11:e distriktet i Wien. <\/span><span class=\"JsGRdQ\">Hon ber\u00e4ttade om sina erfarenheter av att r\u00f6sta i \u00d6sterrike.<\/span><\/p>\n<\/li>\n<li>\n<p class=\"_04xlpA direction-ltr align-start para-style-body\"><span class=\"JsGRdQ\"><strong>Fiona Lambart<\/strong>, 24 \u00e5r gammal och bor i Darmstadt n\u00e4ra Frankfurt, <strong>Tyskland<\/strong>. <\/span><span class=\"JsGRdQ\">Ms Lambart arbetar som hush\u00e5llsspecialist.<\/span><span class=\"JsGRdQ\">\u00a0Hon ber\u00e4ttade om sitt arbete och hur hon arbetar f\u00f6r ett sj\u00e4lvst\u00e4ndigt boende.<\/span><\/p>\n<\/li>\n<li>\n<p class=\"_04xlpA direction-ltr align-start para-style-body\"><span class=\"JsGRdQ\"><strong>Frantzeska\u2013Christina Douka<\/strong>, 37 \u00e5r gammal och bosatt i Thessaloniki, <strong>Grekland<\/strong>. Douka \u00e4r f\u00f6rm\u00e5nstagare fr\u00e5n Downs Syndrome Association of Greece, bor p\u00e5 egen hand i en Supported Living-l\u00e4genhet. <\/span><span class=\"JsGRdQ\">Hon \u00e4lskar att dansa och hon \u00e4r en idrottsman inom Rytmisk Gymnastik. Hon har t\u00e4vlat i Special Olympics organisation m\u00e5nga g\u00e5nger, hon har vunnit medaljer och rest i m\u00e5nga l\u00e4nder inom och utanf\u00f6r Europa.<\/span><\/p>\n<\/li>\n<li>\n<p class=\"_04xlpA direction-ltr align-start para-style-body\"><span class=\"JsGRdQ\"><strong>Jean Philippe Barone<\/strong>, 44-\u00e5ring som bor i Marseille, <strong>Frankrike<\/strong>. Han bor i sin l\u00e4genhet i ett samh\u00e4lle och jobbar p\u00e5 en anpassad restaurang. Han k\u00e4nner sig bekv\u00e4m med kommunikationsverktyg och representerar regelbundet f\u00f6reningen #Tcap21 genom alla medier. Han tr\u00e4nar nu f\u00f6r att g\u00e5 med i v\u00e5rt \u00f6ppnande #Train Inc. caf\u00e9 och sedan uppn\u00e5 total sj\u00e4lvst\u00e4ndighet.<\/span><\/p>\n<\/li>\n<\/ul>\n<p>Efter panelen kunde deltagarna st\u00e4lla fr\u00e5gor till v\u00e5ra talare. Ett h\u00e4fte med citat fr\u00e5n deras tal samt Power Point of Soufiane <span style=\"font-weight: 400;\">El Amrani har gjorts tillg\u00e4nglig f\u00f6r alla deltagare. Detta kan laddas ner p\u00e5 engelska <a href=\"https:\/\/drive.google.com\/file\/d\/1SVsLWWYytRREpmbalTXhit8NbVKCsVkB\/view?usp=share_link\">h\u00e4r<\/a>.<\/span><\/p>\n<p>Under hela arrangemanget av detta evenemang samt diskussionen under och efter sj\u00e4lva evenemanget sammanst\u00e4ller EU f\u00f6r Trisomi 21 en lista med rekommendationer som EU ska ta h\u00e4nsyn till n\u00e4r de arbetar f\u00f6r att g\u00f6ra EU-parlamentsvalet 2024 verkligen tillg\u00e4ngligt f\u00f6r personer med Down. Syndrom i alla EU-l\u00e4nder. Detta dokument kommer att \u00f6verl\u00e4mnas till kommissionen och EU-parlamentet p\u00e5 World Down Syndrome Day den 21 mars 2023.<\/p>\n<p><strong>V\u00e5rt n\u00e4sta evenemang: Time for More Visibility \u00e4ger rum den 16 mars kl. 18.00.\u00a0<\/strong><\/p>","protected":false},"excerpt":{"rendered":"<p>YouTube Link: Magyar (Hungarian), Rom\u00e2n (Romanian), Fran\u00e7ais (French), Deutsch (German), Polski (Polski), \u03b5\u03bb\u03bb\u03b7\u03bd\u03b9\u03ba\u03ac (Greek) You can take a look at&hellip;<\/p>","protected":false},"author":3,"featured_media":0,"comment_status":"closed","ping_status":"closed","sticky":false,"template":"","format":"standard","meta":{"_acf_changed":false,"footnotes":""},"categories":[45],"tags":[],"class_list":["post-33345","post","type-post","status-publish","format-standard","hentry","category-21-march-21"],"acf":[],"_links":{"self":[{"href":"https:\/\/eufortrisomy21.eu\/sv\/wp-json\/wp\/v2\/posts\/33345"}],"collection":[{"href":"https:\/\/eufortrisomy21.eu\/sv\/wp-json\/wp\/v2\/posts"}],"about":[{"href":"https:\/\/eufortrisomy21.eu\/sv\/wp-json\/wp\/v2\/types\/post"}],"author":[{"embeddable":true,"href":"https:\/\/eufortrisomy21.eu\/sv\/wp-json\/wp\/v2\/users\/3"}],"replies":[{"embeddable":true,"href":"https:\/\/eufortrisomy21.eu\/sv\/wp-json\/wp\/v2\/comments?post=33345"}],"version-history":[{"count":3,"href":"https:\/\/eufortrisomy21.eu\/sv\/wp-json\/wp\/v2\/posts\/33345\/revisions"}],"predecessor-version":[{"id":33626,"href":"https:\/\/eufortrisomy21.eu\/sv\/wp-json\/wp\/v2\/posts\/33345\/revisions\/33626"}],"wp:attachment":[{"href":"https:\/\/eufortrisomy21.eu\/sv\/wp-json\/wp\/v2\/media?parent=33345"}],"wp:term":[{"taxonomy":"category","embeddable":true,"href":"https:\/\/eufortrisomy21.eu\/sv\/wp-json\/wp\/v2\/categories?post=33345"},{"taxonomy":"post_tag","embeddable":true,"href":"https:\/\/eufortrisomy21.eu\/sv\/wp-json\/wp\/v2\/tags?post=33345"}],"curies":[{"name":"wp","href":"https:\/\/api.w.org\/{rel}","templated":true}]}}