{"id":33632,"date":"2023-07-07T14:20:00","date_gmt":"2023-07-07T12:20:00","guid":{"rendered":"https:\/\/eufortrisomy21.eu\/?p=33632"},"modified":"2024-02-20T17:21:50","modified_gmt":"2024-02-20T16:21:50","slug":"time-for-more-equal-treatment","status":"publish","type":"post","link":"https:\/\/eufortrisomy21.eu\/sv\/time-for-more-equal-treatment\/","title":{"rendered":"Dags f\u00f6r mer likabehandling"},"content":{"rendered":"<p><strong>Projektet &quot;Framtiden \u00e4r v\u00e5r&quot;: Att st\u00e4rka f\u00f6r\u00e4ndring och inkludering<\/strong><\/p>\n<p>7 juli 2023\u2014 EU f\u00f6r Trisomy 21 Network \u00e4r glada \u00f6ver att tillk\u00e4nnage det framg\u00e5ngsrika avslutandet av sitt fj\u00e4rde evenemang i det p\u00e5g\u00e5ende projektet &quot;The Future is Ours&quot;. Evenemanget, som h\u00f6lls den 6 juli, sponsrade av Europeiska Unionen genom CERV-anslaget, var en rungande framg\u00e5ng f\u00f6r att fr\u00e4mja dialog och st\u00e4rka individer med intellektuella funktionsneds\u00e4ttningar, med s\u00e4rskilt fokus p\u00e5 likabehandling p\u00e5 arbetsplatsen och relaterade \u00e4mnen. Du kan l\u00e4sa den officiella rapporten <a href=\"https:\/\/drive.google.com\/file\/d\/1scn0DUrbaoWa7EqPKB69h1-JLZh1Gk--\/view?usp=sharing\">h\u00e4r<\/a>.<\/p>\n<p>Evenemanget samlade deltagare fr\u00e5n hela Europa, med tolkar tillg\u00e4ngliga f\u00f6r flera spr\u00e5k, inklusive italienska, engelska, rum\u00e4nska och ungerska.<\/p>\n<p>&quot;The Future is Ours&quot; \u00e4r ett projekt som uppstod 2019 som ett n\u00e4tverk av lokala organisationer som \u00e4gnar sig \u00e5t att fira World Down Syndrome Day. Med tiden har det utvecklats till en plattform f\u00f6r opinionsbildning och egenmakt. Projektet har redan varit v\u00e4rd f\u00f6r tv\u00e5 onlineevenemang och en personlig sammankomst i Bryssel, d\u00e4r 75 deltagare fr\u00e5n olika EU-l\u00e4nder och 28 personer med Downs syndrom tr\u00e4ffade parlamentariker f\u00f6r att diskutera avg\u00f6rande fr\u00e5gor, inklusive h\u00e4lsa.<\/p>\n<p>Denna sista h\u00e4ndelse i serien tog upp den kritiska fr\u00e5gan om likabehandling p\u00e5 arbetsplatsen. Den framst\u00e5ende panelen av talare inkluderade Chiara Gemma, en ledamot av Europaparlamentet; Maria James, en guldmedalj\u00f6rsimmare och advokat fr\u00e5n Malta; Yasmin Ismail, en yngre psykolog fr\u00e5n Rum\u00e4nien; och K\u00e1roly Kisari, grundaren av Ungerska Hidden Treasures Down Association och Mentor\u00e1ll\u00e1s Foundation.<\/p>\n<p>Chiara Gemma, som sitter i utskottet f\u00f6r syssels\u00e4ttning och sociala fr\u00e5gor och den intergruppen f\u00f6r funktionshindrade i Europaparlamentet, talade till publiken genom en f\u00f6rinspelad video p\u00e5 grund av hennes \u00e5taganden om resor i sista minuten. Hon betonade vikten av sj\u00e4lvf\u00f6respr\u00e5kande och behovet av att f\u00f6rst\u00e4rka r\u00f6sterna f\u00f6r personer med intellektuella funktionsneds\u00e4ttningar p\u00e5 den politiska arenan.<\/p>\n<p>Maria James, en passionerad f\u00f6respr\u00e5kare och guldmedalj\u00f6r inom simning, delade med sig av sin inspirerande resa och diskuterade hennes arbete f\u00f6r att fr\u00e4mja likabehandling p\u00e5 arbetsplatsen f\u00f6r personer med Downs syndrom. Yasmin Ismail, en yngre psykolog, erbj\u00f6d v\u00e4rdefulla insikter om sin karri\u00e4r och de utmaningar hon har \u00f6vervunnit, och uppmuntrade andra att fullf\u00f6lja sina dr\u00f6mmar. K\u00e1roly Kisari, en pionj\u00e4r inom omr\u00e5det, diskuterade uppdraget f\u00f6r sina organisationer i Ungern, med fokus p\u00e5 integrering av individer med funktionsneds\u00e4ttning i samh\u00e4llet och den \u00f6ppna arbetsmarknaden.<\/p>\n<p>Under hela evenemanget fick publiken m\u00f6jlighet att st\u00e4lla fr\u00e5gor till talarna, vilket fr\u00e4mjade interaktiva diskussioner och \u00f6kade f\u00f6rst\u00e5elsen.<\/p>\n<p>N\u00e4tverket EU f\u00f6r Trisomy 21 \u00e4r fast beslutet att forts\u00e4tta sina anstr\u00e4ngningar f\u00f6r f\u00f6respr\u00e5kande och bemyndigande. Den har ans\u00f6kt om ett annat EU-projekt som syftar till att ge sj\u00e4lvf\u00f6respr\u00e5kare m\u00f6jlighet att kommunicera effektivt med media, politiker och allm\u00e4nheten, vilket fr\u00e4mjar synlighet och autonomi.<\/p>\n<p>Framg\u00e5ngen med projektet &quot;The Future is Ours&quot; den 6 juli bekr\u00e4ftar EU:s engagemang f\u00f6r Trisomy 21 Network f\u00f6r att skapa ett mer inkluderande och r\u00e4ttvist samh\u00e4lle f\u00f6r individer med intellektuella funktionsneds\u00e4ttningar i hela Europa.<\/p>","protected":false},"excerpt":{"rendered":"<p>&#8220;The Future is Ours&#8221; Project: Empowering Change and Inclusion 7.th July 2023\u2014 The EU for Trisomy 21 Network is delighted&hellip;<\/p>","protected":false},"author":3,"featured_media":0,"comment_status":"closed","ping_status":"closed","sticky":false,"template":"","format":"standard","meta":{"_acf_changed":false,"footnotes":""},"categories":[45],"tags":[],"class_list":["post-33632","post","type-post","status-publish","format-standard","hentry","category-21-march-21"],"acf":[],"_links":{"self":[{"href":"https:\/\/eufortrisomy21.eu\/sv\/wp-json\/wp\/v2\/posts\/33632"}],"collection":[{"href":"https:\/\/eufortrisomy21.eu\/sv\/wp-json\/wp\/v2\/posts"}],"about":[{"href":"https:\/\/eufortrisomy21.eu\/sv\/wp-json\/wp\/v2\/types\/post"}],"author":[{"embeddable":true,"href":"https:\/\/eufortrisomy21.eu\/sv\/wp-json\/wp\/v2\/users\/3"}],"replies":[{"embeddable":true,"href":"https:\/\/eufortrisomy21.eu\/sv\/wp-json\/wp\/v2\/comments?post=33632"}],"version-history":[{"count":3,"href":"https:\/\/eufortrisomy21.eu\/sv\/wp-json\/wp\/v2\/posts\/33632\/revisions"}],"predecessor-version":[{"id":33635,"href":"https:\/\/eufortrisomy21.eu\/sv\/wp-json\/wp\/v2\/posts\/33632\/revisions\/33635"}],"wp:attachment":[{"href":"https:\/\/eufortrisomy21.eu\/sv\/wp-json\/wp\/v2\/media?parent=33632"}],"wp:term":[{"taxonomy":"category","embeddable":true,"href":"https:\/\/eufortrisomy21.eu\/sv\/wp-json\/wp\/v2\/categories?post=33632"},{"taxonomy":"post_tag","embeddable":true,"href":"https:\/\/eufortrisomy21.eu\/sv\/wp-json\/wp\/v2\/tags?post=33632"}],"curies":[{"name":"wp","href":"https:\/\/api.w.org\/{rel}","templated":true}]}}